{"id":5963,"date":"2017-12-17T12:22:21","date_gmt":"2017-12-17T11:22:21","guid":{"rendered":"http:\/\/www.mcmotylek.cz\/?p=5963"},"modified":"2017-12-17T12:22:21","modified_gmt":"2017-12-17T11:22:21","slug":"vanoce-v-lese-streda-20-prosince","status":"publish","type":"post","link":"http:\/\/www.mcmotylek.cz\/?p=5963","title":{"rendered":"V\u00c1NOCE V LESE st\u0159eda 20. prosince"},"content":{"rendered":"<p><img loading=\"lazy\" class=\"alignnone size-medium wp-image-5965\" style=\"background-color: transparent; color: #333333; font-family: Georgia,&amp;quot; times new roman&amp;quot;,&amp;quot;bitstream charter&amp;quot;,times,serif; font-size: 18.73px; font-style: normal; font-variant: normal; font-weight: bold; height: 225px; letter-spacing: normal; max-width: 964.38px; orphans: 2; outline-color: #72777c; outline-style: solid; outline-width: 1px; text-align: left; text-decoration: none; text-indent: 0px; text-transform: none; -webkit-text-stroke-width: 0px; white-space: normal; word-spacing: 0px;\" src=\"http:\/\/www.mcmotylek.cz\/wp-content\/uploads\/2017\/12\/v\u00e1no\u010dn\u00ed-zv\u00ed\u0159\u00e1tka-300x225.jpg\" alt=\"\" width=\"300\" height=\"225\" srcset=\"http:\/\/www.mcmotylek.cz\/wp-content\/uploads\/2017\/12\/v\u00e1no\u010dn\u00ed-zv\u00ed\u0159\u00e1tka-300x225.jpg 300w, http:\/\/www.mcmotylek.cz\/wp-content\/uploads\/2017\/12\/v\u00e1no\u010dn\u00ed-zv\u00ed\u0159\u00e1tka.jpg 450w\" sizes=\"(max-width: 300px) 100vw, 300px\" \/><\/p>\n<p>Mysleme na druh\u00e9 a uka\u017eme to i d\u011btem.<\/p>\n<p>Poj\u010fte s n\u00e1mi ozdobit strome\u010dek lesn\u00edm zv\u00ed\u0159\u00e1tk\u016fm.<\/p>\n<p>Pou\u017eijeme ka\u0161tany, \u017ealudy, tvrd\u00e9 pe\u010divo, zeleninu a ovoce, zkr\u00e1tka dobroty pro lesn\u00ed tvory.<\/p>\n<p>A\u017e strome\u010dek nazdob\u00edme, zazp\u00edv\u00e1me si koledy a pohrajeme si.<\/p>\n<h3>Sraz je ve st\u0159edu 20. prosince<\/h3>\n<h3>v 9.30 u MC Mot\u00fdlek<\/h3>\n<p>Dobroty pro zv\u00ed\u0159\u00e1tka s sebou!<\/p>\n<p>Kontakt: Michaela Kr\u00e1sov\u00e1 734 126 251<\/p>\n","protected":false},"excerpt":{"rendered":"<p>Mysleme na druh\u00e9 a uka\u017eme to i d\u011btem. Poj\u010fte s n\u00e1mi ozdobit strome\u010dek lesn\u00edm zv\u00ed\u0159\u00e1tk\u016fm. Pou\u017eijeme ka\u0161tany, \u017ealudy, tvrd\u00e9 pe\u010divo, zeleninu a ovoce, zkr\u00e1tka dobroty pro lesn\u00ed tvory. A\u017e strome\u010dek nazdob\u00edme, zazp\u00edv\u00e1me si koledy a pohrajeme si. Sraz je ve st\u0159edu 20. prosince v 9.30 u MC Mot\u00fdlek Dobroty pro zv\u00ed\u0159\u00e1tka s sebou! Kontakt: Michaela [&hellip;]<\/p>\n","protected":false},"author":31,"featured_media":0,"comment_status":"open","ping_status":"open","sticky":true,"template":"","format":"standard","meta":{"ngg_post_thumbnail":0},"categories":[3,134],"tags":[],"post_mailing_queue_ids":[],"_links":{"self":[{"href":"http:\/\/www.mcmotylek.cz\/index.php?rest_route=\/wp\/v2\/posts\/5963"}],"collection":[{"href":"http:\/\/www.mcmotylek.cz\/index.php?rest_route=\/wp\/v2\/posts"}],"about":[{"href":"http:\/\/www.mcmotylek.cz\/index.php?rest_route=\/wp\/v2\/types\/post"}],"author":[{"embeddable":true,"href":"http:\/\/www.mcmotylek.cz\/index.php?rest_route=\/wp\/v2\/users\/31"}],"replies":[{"embeddable":true,"href":"http:\/\/www.mcmotylek.cz\/index.php?rest_route=%2Fwp%2Fv2%2Fcomments&post=5963"}],"version-history":[{"count":3,"href":"http:\/\/www.mcmotylek.cz\/index.php?rest_route=\/wp\/v2\/posts\/5963\/revisions"}],"predecessor-version":[{"id":5967,"href":"http:\/\/www.mcmotylek.cz\/index.php?rest_route=\/wp\/v2\/posts\/5963\/revisions\/5967"}],"wp:attachment":[{"href":"http:\/\/www.mcmotylek.cz\/index.php?rest_route=%2Fwp%2Fv2%2Fmedia&parent=5963"}],"wp:term":[{"taxonomy":"category","embeddable":true,"href":"http:\/\/www.mcmotylek.cz\/index.php?rest_route=%2Fwp%2Fv2%2Fcategories&post=5963"},{"taxonomy":"post_tag","embeddable":true,"href":"http:\/\/www.mcmotylek.cz\/index.php?rest_route=%2Fwp%2Fv2%2Ftags&post=5963"}],"curies":[{"name":"wp","href":"https:\/\/api.w.org\/{rel}","templated":true}]}}