{"id":6063,"date":"2018-02-28T10:15:51","date_gmt":"2018-02-28T09:15:51","guid":{"rendered":"http:\/\/www.mcmotylek.cz\/?p=6063"},"modified":"2018-02-28T10:15:51","modified_gmt":"2018-02-28T09:15:51","slug":"velikonocni-foceni-v-motylku","status":"publish","type":"post","link":"http:\/\/www.mcmotylek.cz\/?p=6063","title":{"rendered":"Velikono\u010dn\u00ed focen\u00ed v Mot\u00fdlku"},"content":{"rendered":"<h1 style=\"text-align: left;\"><span style=\"color: #ff0000;\">Velikono\u010dn\u00ed focen\u00ed<\/span><\/h1>\n<h1 style=\"text-align: left;\"><span style=\"color: #ff0000;\"><img loading=\"lazy\" class=\"wp-image-6069 aligncenter\" style=\"margin: 16px 32px 16px 0px; height: 274px; text-align: left; color: #0000ff; text-transform: none; text-indent: 0px; letter-spacing: normal; font-size: 32px; font-style: normal; font-variant: normal; font-weight: bold; text-decoration: none; word-spacing: 0px; display: block; white-space: normal; max-width: 1108.42px; orphans: 2; float: left; -webkit-text-stroke-width: 0px; background-color: transparent;\" src=\"http:\/\/www.mcmotylek.cz\/wp-content\/uploads\/2018\/02\/velikono\u010dn\u00ed-focen\u00ed.png\" alt=\"\" width=\"412\" height=\"197\" \/><\/span><\/h1>\n<h2><\/h2>\n<h2><\/h2>\n<h2><\/h2>\n<h2><\/h2>\n<h2><\/h2>\n<h2><\/h2>\n<h2><span style=\"color: #800080;\">Pro mal\u00e9 i velk\u00e9 d\u011bti<\/span><\/h2>\n<h2><span style=\"color: #800080;\">T\u011b\u0161it se m\u016f\u017eete na Velikono\u010dn\u00ed foto-pozad\u00ed, rekvizity<\/span><\/h2>\n<h1><span style=\"color: #0000ff;\">Kdy: 13.3.2018 od 9.30h<\/span><\/h1>\n<h1><span style=\"color: #0000ff;\">Kde: MC Mot\u00fdlek<\/span><\/h1>\n<h1><span style=\"color: #0000ff;\">Cena: 3 fotografie \/ 180,-<\/span><\/h1>\n<h2><span style=\"color: #800080;\">Rezervace \u00a0pro \u010dasov\u00fd harmonogram do 10.3.2018 na e-mail: <a href=\"mailto:katka.vojirova@seznam.cz\">katka.vojirova@seznam.cz<\/a><\/span><\/h2>\n<h2><span style=\"color: #800080;\">Ka\u017ed\u00fd bude m\u00edt sv\u016fj \u010das na sv\u00e9 fotografie pro v\u00edce informac\u00ed volejte na tel. 792 317 692<\/span><\/h2>\n<h2><span style=\"color: #ff00ff;\"><span style=\"color: #800080;\">Web: <a href=\"http:\/\/katka-foto.webnode.cz\">katka-foto.webnode.cz<\/a><\/span><\/span><\/h2>\n","protected":false},"excerpt":{"rendered":"<p>Velikono\u010dn\u00ed focen\u00ed Pro mal\u00e9 i velk\u00e9 d\u011bti T\u011b\u0161it se m\u016f\u017eete na Velikono\u010dn\u00ed foto-pozad\u00ed, rekvizity Kdy: 13.3.2018 od 9.30h Kde: MC Mot\u00fdlek Cena: 3 fotografie \/ 180,- Rezervace \u00a0pro \u010dasov\u00fd harmonogram do 10.3.2018 na e-mail: katka.vojirova@seznam.cz Ka\u017ed\u00fd bude m\u00edt sv\u016fj \u010das na sv\u00e9 fotografie pro v\u00edce informac\u00ed volejte na tel. 792 317 692 Web: katka-foto.webnode.cz<\/p>\n","protected":false},"author":31,"featured_media":0,"comment_status":"open","ping_status":"open","sticky":true,"template":"","format":"standard","meta":{"ngg_post_thumbnail":0},"categories":[3,134],"tags":[141],"post_mailing_queue_ids":[],"_links":{"self":[{"href":"http:\/\/www.mcmotylek.cz\/index.php?rest_route=\/wp\/v2\/posts\/6063"}],"collection":[{"href":"http:\/\/www.mcmotylek.cz\/index.php?rest_route=\/wp\/v2\/posts"}],"about":[{"href":"http:\/\/www.mcmotylek.cz\/index.php?rest_route=\/wp\/v2\/types\/post"}],"author":[{"embeddable":true,"href":"http:\/\/www.mcmotylek.cz\/index.php?rest_route=\/wp\/v2\/users\/31"}],"replies":[{"embeddable":true,"href":"http:\/\/www.mcmotylek.cz\/index.php?rest_route=%2Fwp%2Fv2%2Fcomments&post=6063"}],"version-history":[{"count":16,"href":"http:\/\/www.mcmotylek.cz\/index.php?rest_route=\/wp\/v2\/posts\/6063\/revisions"}],"predecessor-version":[{"id":6080,"href":"http:\/\/www.mcmotylek.cz\/index.php?rest_route=\/wp\/v2\/posts\/6063\/revisions\/6080"}],"wp:attachment":[{"href":"http:\/\/www.mcmotylek.cz\/index.php?rest_route=%2Fwp%2Fv2%2Fmedia&parent=6063"}],"wp:term":[{"taxonomy":"category","embeddable":true,"href":"http:\/\/www.mcmotylek.cz\/index.php?rest_route=%2Fwp%2Fv2%2Fcategories&post=6063"},{"taxonomy":"post_tag","embeddable":true,"href":"http:\/\/www.mcmotylek.cz\/index.php?rest_route=%2Fwp%2Fv2%2Ftags&post=6063"}],"curies":[{"name":"wp","href":"https:\/\/api.w.org\/{rel}","templated":true}]}}