{"id":6100,"date":"2018-03-12T23:12:11","date_gmt":"2018-03-12T22:12:11","guid":{"rendered":"http:\/\/www.mcmotylek.cz\/?p=6100"},"modified":"2018-03-12T23:31:05","modified_gmt":"2018-03-12T22:31:05","slug":"materske-centrum-potreba-nebo-prezitek","status":"publish","type":"post","link":"http:\/\/www.mcmotylek.cz\/?p=6100","title":{"rendered":"Mate\u0159sk\u00e9 centrum &#8211; Pot\u0159eba nebo p\u0159e\u017eitek?"},"content":{"rendered":"<p align=\"JUSTIFY\"><span style=\"color: #800080; font-family: Arial,sans-serif; font-size: large;\">Mate\u0159sk\u00e9 centrum je mal\u00fd z\u00e1zrak, kde se rod\u00ed p\u0159\u00e1telstv\u00ed a z\u00e1\u017eitky na cel\u00fd \u017eivot. V\u00a0posledn\u00ed dob\u011b bohu\u017eel tuto mo\u017enost vyu\u017e\u00edv\u00e1 st\u00e1le m\u00e9n\u011b maminek, a proto n\u00e1s to vedlo k\u00a0naps\u00e1n\u00ed n\u00e1sleduj\u00edc\u00edho \u010dl\u00e1nku. Jsme t\u0159i oby\u010dejn\u00e9 m\u00e1my, kter\u00e9 r\u00e1dy v\u011bnuj\u00ed \u010das tomu, co pro n\u011b m\u00e1 smysl \u2013 d\u011btem. Zkuste si uva\u0159it k\u00e1vu \u010di \u010daj, sednout si a p\u0159e\u010d\u00edst t\u011bchto p\u00e1r \u0159\u00e1dek o \u017eivot\u011b s Mot\u00fdlkem. R\u00e1di bychom v\u00e1m sd\u011blili na\u0161e osobn\u00ed zku\u0161enosti. A pak u\u017e je to jen na v\u00e1s, zda n\u00e1s p\u0159ijdete nav\u0161t\u00edvit. Budete v\u00edtan\u00ed.\u00a0<\/span><\/p>\n<p align=\"JUSTIFY\"><img loading=\"lazy\" class=\"alignnone wp-image-6103\" src=\"http:\/\/www.mcmotylek.cz\/wp-content\/uploads\/2018\/03\/IMG_0760.jpg\" alt=\"\" width=\"260\" height=\"390\" srcset=\"http:\/\/www.mcmotylek.cz\/wp-content\/uploads\/2018\/03\/IMG_0760.jpg 2371w, http:\/\/www.mcmotylek.cz\/wp-content\/uploads\/2018\/03\/IMG_0760-200x300.jpg 200w, http:\/\/www.mcmotylek.cz\/wp-content\/uploads\/2018\/03\/IMG_0760-768x1152.jpg 768w, http:\/\/www.mcmotylek.cz\/wp-content\/uploads\/2018\/03\/IMG_0760-683x1024.jpg 683w\" sizes=\"(max-width: 260px) 100vw, 260px\" \/><\/p>\n<p align=\"JUSTIFY\"><span style=\"color: #800080; font-family: Arial,sans-serif; font-size: large;\"><b>M\u00ed\u0161a<\/b><\/span><\/p>\n<p align=\"JUSTIFY\"><span style=\"color: #800080; font-family: Arial,sans-serif; font-size: large;\"><i><b>M\u016fj \u017eivot s Mot\u00fdlkem<\/b><\/i><\/span><\/p>\n<p align=\"JUSTIFY\"><span style=\"color: #800080; font-family: Arial,sans-serif; font-size: large;\">Rozhodla jsem se to sepsat. Nejedn\u00e1 se ani o kr\u00e1sn\u00e9 ok\u0159\u00eddlen\u00e9 zv\u00ed\u0159e ani o chlapa, ale o jedno mal\u00e9 skromn\u00e9 m\u00edsto o p\u00e1r \u010dtvere\u010dn\u00edch metrech, kter\u00e9 dok\u00e1\u017ee zm\u011bnit \u017eivot nejednomu \u010dlov\u011bku v\u00a0tomto p\u0159\u00edpad\u011b mamince MC MOT\u00ddLEK.<\/span><\/p>\n<p align=\"JUSTIFY\"><span style=\"color: #800080; font-family: Arial,sans-serif; font-size: large;\">O mate\u0159sk\u00e9m centru jsem sly\u0161ela u\u017e d\u00e1vno a to v\u00a0dob\u011b kdy jsem jako \u010derstv\u00e1 dvac\u00edtka n\u011bkolikr\u00e1t doprov\u00e1zela dceru sv\u00e9 kamar\u00e1dky na krou\u017eek. Jako je pravda, \u017ee v\u00a0t\u00e9 dob\u011b mi pochoduj\u00edc\u00ed matky s\u00a0d\u011btmi do kruhu, \u0159\u00edkaj\u00edc n\u011bjak\u00e9 \u201etrapn\u00e9\u201c b\u00e1sni\u010dky\u201c ,p\u0159ipadalo jako neskute\u010dn\u00e9 scifi. Napadlo m\u011b v\u00a0tu chv\u00edli milion p\u0159irovn\u00e1n\u00ed a v\u00a0neposledn\u00ed \u00a0\u0159ad\u011b v\u011bta, kter\u00e1 mi zn\u00ed v\u00a0hlav\u011b i po 12 letech \u201eNe, tohle j\u00e1 nikdy d\u011blat nebudu\u201c \u2026\u2026. No a proto jsem s\u00a0n\u011bkolikam\u011bs\u00ed\u010dn\u00ed dcerou na\u0161la webov\u00e9 str\u00e1nky st\u00e1le existuj\u00edc\u00edho mate\u0159sk\u00e9ho centra a\u00a0 dorazila na mimiklub.\u00a0 <\/span><\/p>\n<p align=\"JUSTIFY\"><span style=\"color: #800080; font-family: Arial,sans-serif; font-size: large;\">Nikdy by m\u011b nenapadlo, \u017ee se stanu sou\u010d\u00e1st\u00ed n\u011b\u010deho takov\u00e9ho ale i kdy\u017e je to n\u011bkdy starost, je to i radost. Napl\u0148uje m\u011b pocit, \u017ee to m\u00e1 n\u011bjak\u00fd smysl, nejen pro d\u011bti, kter\u00e9 si najdou kamar\u00e1dky a z\u00edsk\u00e1vaj\u00ed dal\u0161\u00ed zku\u0161enosti do \u017eivota ale i pro maminky. Proto\u017ee jsme jenom lidi a ne superm\u00e1my a i my se n\u011bkdy chceme ujistit, \u017ee je to vlastn\u011b \u201e v\u0161ude\u201c stejn\u00e9. U zrodu mot\u00fdlku p\u0159ed 16 lety jsem nebyla ale stala jsem se sou\u010d\u00e1st\u00ed rekonstrukce a opravdu n\u00e1s v\u0161echny co jsme u toho byly ten v\u00fdsledek na\u0161\u00ed pr\u00e1ce naplnil. Vytvo\u0159ily jsme kr\u00e1sn\u00e9 m\u00edsto pro setk\u00e1v\u00e1n\u00ed maminek a tat\u00ednk\u016f a sna\u017e\u00edme se naj\u00edt dal\u0161\u00ed aktivity pro n\u00e1s maminky i na\u0161e d\u011bti. N\u011bkdy se to da\u0159\u00ed v\u00edce, n\u011bkdy m\u00e9n\u011b ale v\u011b\u0159\u00edm \u017ee je to pro spoustu nov\u00fdch maminek p\u0159\u00edle\u017eitost jak se sezn\u00e1mit s\u00a0nov\u00fdmi lidmi ve m\u011bst\u011b . Nev\u00edm zda navenek p\u016fsob\u00ed jako ji\u017e zav\u0159en\u00e9 centrum pro zavedeny kolektiv a je t\u011b\u017ek\u00e9 n\u011bkoho p\u0159esv\u011bd\u010dit o opaku ale v\u011b\u0159te \u017ee na t\u011bchto p\u00e1r \u010dtvere\u010dn\u00edch metrech u\u017e vzniklo nejedno nov\u00e9 p\u0159\u00e1telstv\u00ed pokra\u010duj\u00edc\u00ed i mimo mate\u0159sk\u00e9 centrum.\u00a0 B\u00fdt m\u00e1mou je n\u011bkdy hor\u0161\u00ed ne\u017e slou\u017eit 12 hodinovou sm\u011bnu v\u00a0laborato\u0159i ale mate\u0159sk\u00e9 centrum v\u00e1m m\u016f\u017ee uk\u00e1zat, co vid\u00edme my\u2026.. \u017de to m\u00e1 smysl\u2026\u2026<\/span><\/p>\n<p align=\"JUSTIFY\"><span style=\"color: #800080; font-family: Arial,sans-serif; font-size: large;\"><b>Katka <\/b><\/span><\/p>\n<p align=\"JUSTIFY\"><span style=\"color: #800080; font-family: Arial,sans-serif; font-size: large;\">Je tomu 5 let co jsem s\u00a0tehdy t\u00e9m\u011b\u0159 ro\u010dn\u00ed dcerou a nevelkou znalost\u00ed lid\u00ed a okol\u00ed hledala mo\u017enost, jak tr\u00e1vit \u010das mimo d\u016fm na vsi, kde \u017eijeme. Po po\u010d\u00e1te\u010dn\u00edch zdarech i nezdarech s\u00a0novou zku\u0161enost\u00ed co to vlastn\u011b znamen\u00e1 b\u00fdt na mate\u0159sk\u00e9 dovolen\u00e9 (bo\u017ee, jak to slovo mate\u0159sk\u00e1 dovolen\u00e1 vypov\u00edd\u00e1 o \u010demkoli jen ne o dovolen\u00e9) jsem hledala mo\u017enost nav\u00e1zat nov\u00e9 kontakty v\u00a0m\u00edst\u011b, kde jsem se nenarodila a nem\u011bla p\u0159\u00e1tele. Snaha b\u00fdt n\u011bjak u\u017eite\u010dn\u00e1 a nec\u00edtit se, \u017ee jen koj\u00edm a p\u0159ebaluju mne dovedla na sch\u016fzku do mate\u0159sk\u00e9ho centra Mot\u00fdlek. Up\u0159\u00edmn\u011b, na sch\u016fzku jsem se tehdy p\u0159ipravovala s\u00a0nervozitou sob\u011b vlastn\u00ed, p\u0159em\u00fd\u0161lela jsem dop\u0159edu o ka\u017ed\u00e9m slov\u011b, co \u0159eknu. Na sch\u016fzce mne \u010dekala banda holek v\u00a0podstat\u011b stejn\u00fdch jako j\u00e1, jen s\u00a0t\u00edm rozd\u00edlem, \u017ee m\u011bli d\u011bti trochu d\u00e9le ne\u017e j\u00e1 a t\u00edm p\u00e1dem byly v\u00a0oblasti v\u00fdchovy pon\u011bkud ot\u0159elej\u0161\u00ed. Hned za m\u011bs\u00edc mne \u010dekala m\u00e1 prvn\u00ed hodina hra\u010dkov\u00e1n\u00ed. P\u0159ipravovala jsem se na ni n\u011bkolik dn\u00ed, hledala na internetu co v\u0161echno budu s\u00a0d\u011btmi d\u011blat (na sv\u00e9 dce\u0159i jsem v\u0161e vyzkou\u0161ela d\u016fkladn\u011b nejprve doma) a tr\u00e1pila se ot\u00e1zkami, co kdy\u017e se mne n\u011bkter\u00e1 maminka zept\u00e1 na n\u011bco co nebudu prost\u011b v\u011bd\u011bt. B\u011bhem prvn\u00edch p\u00e1r hodin se m\u00e9 obavy rozplynuly a kdy\u017e jsem vid\u011bla, \u017ee hr\u00e1t si s\u00a0d\u011btmi spole\u010dn\u011b d\u00e1v\u00e1 mnoho radosti nejen dce\u0159i ale i m\u011b, c\u00edtila jsem se b\u00e1je\u010dn\u011b. Ten pocit, \u017ee n\u011bco vymysl\u00edte a ono se to n\u011bkomu l\u00edb\u00ed je prost\u011b \u00fa\u017easn\u00fd. Mne osobn\u011b nejv\u00edc nab\u00edj\u00ed, kdy\u017e vid\u00edm radost ve tv\u00e1\u0159\u00edch d\u011bt\u00ed a jejich cestu k\u00a0zapojen\u00ed se (n\u011bkdy je to hned jindy t\u0159eba a\u017e po p\u00e1r hodin\u00e1ch). Nejde o to, \u017ee v\u0161echno by se v\u017edycky povedlo, p\u0159ich\u00e1zej\u00ed chv\u00edle, kdy se tolik neda\u0159\u00ed, v\u0161ichni jsme jen lid\u00e9, a to, \u017ee n\u011bkdy nem\u00e1me n\u00e1ladu je lidsk\u00e9. D\u016fle\u017eit\u00e9 ale je, \u017ee jsme tam mimo na\u0161e povinnosti a starosti doma a m\u016f\u017eeme se v\u011bnovat jen d\u011btem a n\u00e1m m\u00e1m\u00e1m. Co to m\u00e1ma vlastn\u011b je\u2026 pro mne to znamen\u00e1, \u017ee m\u00e1m\u2026\u2026\u2026m\u00e1m mo\u017enost m\u00edt d\u011bti a b\u00fdt s\u00a0nimi. Proto douf\u00e1m, \u017ee v\u00a0dob\u011b, kdy soci\u00e1ln\u00ed s\u00edt\u011b v\u00e1lcuj\u00ed pot\u0159eby osobn\u00edho kontaktu nejsme sami, kdo st\u00e1le v\u011b\u0159\u00ed v\u00a0osobn\u00ed kontakt a pot\u0159ebu m\u00e1m st\u00e1le m\u00e1. Nyn\u00ed pracuji v\u00a0mot\u00fdlku ji\u017e 5 let m\u00e1m 3 d\u011bti. M\u00e1m pocit, \u017ee i kdy\u017e se n\u00e1s je v\u00a0posledn\u00ed dob\u011b v\u00a0mot\u00fdlku sch\u00e1z\u00ed m\u00e1lo, rozhodn\u011b to m\u00e1 smysl. I kv\u016fli jednomu jedin\u00e9mu d\u00edt\u011bti, kter\u00e9 si odnese \u00fasm\u011bv na tv\u00e1\u0159i v\u011b\u0159\u00edm, \u017ee to za to stoj\u00ed. St\u00e1le douf\u00e1m, \u017ee m\u00e1my tu budou po\u0159\u00e1d a budou cht\u00edt b\u00fdt tady a te\u010f s\u00a0d\u011btmi. Rozhodn\u011b nejsme m\u00edstem, kde se pouze pije kafe (jak jsem se doslechla, \u017ee se o n\u00e1s n\u011bkdy \u0159\u00edk\u00e1). Mot\u00fdlek se stal mou \u017eivotn\u00ed etapou a budu na n\u011bj vzpom\u00ednat srde\u010dn\u011b cel\u00fd \u017eivot. <\/span><\/p>\n<p align=\"JUSTIFY\"><span style=\"color: #800080; font-family: Arial,sans-serif; font-size: large;\"><b>L\u00edda<\/b><\/span><\/p>\n<p align=\"JUSTIFY\"><span style=\"color: #800080; font-family: Arial,sans-serif; font-size: large;\">Stejn\u011b jako Katka, i j\u00e1 jsem zde v Pos\u00e1zav\u00ed n\u00e1plavka. Poch\u00e1z\u00edm z N\u00e1choda a a\u010d v T\u00fdnci \u017eiju u\u017e 10 let, chyb\u011bla mi s\u00ed\u0165 p\u0159\u00e1tel a zn\u00e1m\u00fdch. Moji m\u00edstn\u00ed p\u0159\u00e1tel\u00e9 d\u011bti je\u0161t\u011b nemaj\u00ed a na\u0161e z\u00e1jmy se p\u0159ed 4 lety (s narozen\u00edm dcerky) za\u010daly rozch\u00e1zet. Do jej\u00edho roku jsem si vysta\u010dila s virtu\u00e1ln\u00edm sv\u011btem s t\u00edm, <i>\u017ee j\u00e1 rozhodn\u011b nejsem ten typ matky, co by chodila do mate\u0159sk\u00e9ho centra a tam \u201e\u0161a\u0161kovala\u201c s d\u00edt\u011btem, kter\u00e9 z toho m\u00e1 stejn\u011b tak akor\u00e1t srandu.<\/i> Dcerka ale byla velice spole\u010densk\u00e1 a dala velice siln\u011b najevo, \u017ee ostatn\u00ed d\u011bti jsou pro ni nezbytn\u00e9. Jsem od p\u0159\u00edrody hrozn\u00fd lenoch a pokud n\u011bkam opravdu nemus\u00edm, tak prost\u011b nejdu. Proto jsem za\u010dala v Mot\u00fdlku v\u00e9st krou\u017eek Zp\u00edv\u00e1nky. Tam jsem chodit musela a dcerka tak m\u011bla zaji\u0161t\u011bn\u00fd pravideln\u00fd kontakt s ostatn\u00edmi d\u011btmi. A j\u00e1 si na\u0161la nov\u00e9 bl\u00edzk\u00e9 p\u0159\u00edtelkyn\u011b, se kter\u00fdmi n\u00e1s spojuje nejen v\u011bk d\u011bt\u00ed. B\u011bhem rodi\u010dovsk\u00e9 dovolen\u00e9 absolvuji r\u016fzn\u00e9 kurzy a p\u0159edn\u00e1\u0161ky o rodi\u010dovstv\u00ed a d\u00edky Mot\u00fdlku m\u016f\u017eu nasb\u00edran\u00e1 moudra \u0161\u00ed\u0159it d\u00e1l. Te\u010f jsem jedna ze \u010dlenek p\u0159edstavenstva, m\u00e1m funkci a s n\u00ed pocit, \u017ee jsem pot\u0159ebn\u00e1. Na rozd\u00edl od Katky si ale mysl\u00edm, \u017ee jen \u201epokecat u kaf\u00ed\u010dka\u201c je pro matky stejn\u011b d\u016fle\u017eit\u00e9, ne li d\u016fle\u017eit\u011bj\u0161\u00ed, jako spole\u010dn\u011b si hraj\u00edc\u00ed d\u011bti. Tak\u017ee to, \u017ee se v Mot\u00fdlku \u201ejen pije kafe\u201c je skv\u011bl\u00e1 vizitka toho, jak\u00e1 je tam pohoda.<\/span><\/p>\n<p align=\"JUSTIFY\"><span style=\"color: #800080; font-family: Arial,sans-serif; font-size: large;\"><b>A co \u0159\u00edci na z\u00e1v\u011br?<\/b><\/span><\/p>\n<p align=\"JUSTIFY\"><span style=\"font-family: Arial,sans-serif;\"><span style=\"font-size: large;\"><span style=\"color: #800080;\">V\u00a0dne\u0161n\u00ed dob\u011b, kdy jsou soci\u00e1ln\u00edch s\u00edt\u011b v\u0161ude kolem n\u00e1s a mnoho lid\u00ed je vyu\u017e\u00edv\u00e1 ka\u017ed\u00fd den je osobn\u00ed kontakt d\u016fle\u017eit\u011bj\u0161\u00ed ne\u017e d\u0159\u00edv. M\u00e1me jen omezenou dobu, kdy m\u016f\u017eeme b\u00fdt s\u00a0d\u011btmi doma a u\u017e\u00edvat si ka\u017ed\u00fd den. A je p\u0159ece hrozn\u011b fajn b\u00fdt sama sebou a ne\u0159e\u0161it, jestli n\u00e1m n\u011bkdo p\u00ed\u0161e nebo co d\u011bl\u00e1 ten \u010di ten. Mnoho lid\u00ed je v\u00a0neust\u00e1l\u00e9m kontaktu s\u00a0okol\u00edm sv\u011btem a p\u0159itom si neu\u017e\u00edv\u00e1 danou chv\u00edli. P\u0159ij\u00edt na to mal\u00e9 m\u00edsto o p\u00e1r \u010dtvere\u010dn\u00edch metrech m\u00e1 velk\u00fd smysl, mo\u017enost popov\u00eddat si a b\u00fdt s\u00a0ostatn\u00edmi, kte\u0159\u00ed jsou na tom stejn\u011b je moc d\u016fle\u017eit\u00e9.<\/span><\/span><\/span><\/p>\n<p align=\"JUSTIFY\">\n<p align=\"JUSTIFY\"><img loading=\"lazy\" class=\"alignnone  wp-image-6113\" src=\"http:\/\/www.mcmotylek.cz\/wp-content\/uploads\/2018\/03\/20171104_195718-2.jpg\" alt=\"\" width=\"442\" height=\"295\" srcset=\"http:\/\/www.mcmotylek.cz\/wp-content\/uploads\/2018\/03\/20171104_195718-2.jpg 2988w, http:\/\/www.mcmotylek.cz\/wp-content\/uploads\/2018\/03\/20171104_195718-2-300x200.jpg 300w, http:\/\/www.mcmotylek.cz\/wp-content\/uploads\/2018\/03\/20171104_195718-2-768x512.jpg 768w, http:\/\/www.mcmotylek.cz\/wp-content\/uploads\/2018\/03\/20171104_195718-2-1024x683.jpg 1024w\" sizes=\"(max-width: 442px) 100vw, 442px\" \/><\/p>\n<p><span style=\"color: #ff0000;\">Zde ke sta\u017een\u00ed cel\u00fd Zpravodaj Pos\u00e1zav\u00ed<a class=\"download-link\" title=\"\n\t\" href=\"http:\/\/www.mcmotylek.cz?download=6108&#038;tmstv=1777588734\" rel=\"nofollow\">\n\tZpravodaj 1 2018.pdf\t(sta\u017eeno 408\u00d7 )\n<\/a>\n<\/span><\/p>\n","protected":false},"excerpt":{"rendered":"<p>Mate\u0159sk\u00e9 centrum je mal\u00fd z\u00e1zrak, kde se rod\u00ed p\u0159\u00e1telstv\u00ed a z\u00e1\u017eitky na cel\u00fd \u017eivot. V\u00a0posledn\u00ed dob\u011b bohu\u017eel tuto mo\u017enost vyu\u017e\u00edv\u00e1 st\u00e1le m\u00e9n\u011b maminek, a proto n\u00e1s to vedlo k\u00a0naps\u00e1n\u00ed n\u00e1sleduj\u00edc\u00edho \u010dl\u00e1nku. Jsme t\u0159i oby\u010dejn\u00e9 m\u00e1my, kter\u00e9 r\u00e1dy v\u011bnuj\u00ed \u010das tomu, co pro n\u011b m\u00e1 smysl \u2013 d\u011btem. Zkuste si uva\u0159it k\u00e1vu \u010di \u010daj, sednout si [&hellip;]<\/p>\n","protected":false},"author":31,"featured_media":0,"comment_status":"open","ping_status":"open","sticky":true,"template":"","format":"standard","meta":{"ngg_post_thumbnail":0},"categories":[1,134],"tags":[],"post_mailing_queue_ids":[],"_links":{"self":[{"href":"http:\/\/www.mcmotylek.cz\/index.php?rest_route=\/wp\/v2\/posts\/6100"}],"collection":[{"href":"http:\/\/www.mcmotylek.cz\/index.php?rest_route=\/wp\/v2\/posts"}],"about":[{"href":"http:\/\/www.mcmotylek.cz\/index.php?rest_route=\/wp\/v2\/types\/post"}],"author":[{"embeddable":true,"href":"http:\/\/www.mcmotylek.cz\/index.php?rest_route=\/wp\/v2\/users\/31"}],"replies":[{"embeddable":true,"href":"http:\/\/www.mcmotylek.cz\/index.php?rest_route=%2Fwp%2Fv2%2Fcomments&post=6100"}],"version-history":[{"count":9,"href":"http:\/\/www.mcmotylek.cz\/index.php?rest_route=\/wp\/v2\/posts\/6100\/revisions"}],"predecessor-version":[{"id":6114,"href":"http:\/\/www.mcmotylek.cz\/index.php?rest_route=\/wp\/v2\/posts\/6100\/revisions\/6114"}],"wp:attachment":[{"href":"http:\/\/www.mcmotylek.cz\/index.php?rest_route=%2Fwp%2Fv2%2Fmedia&parent=6100"}],"wp:term":[{"taxonomy":"category","embeddable":true,"href":"http:\/\/www.mcmotylek.cz\/index.php?rest_route=%2Fwp%2Fv2%2Fcategories&post=6100"},{"taxonomy":"post_tag","embeddable":true,"href":"http:\/\/www.mcmotylek.cz\/index.php?rest_route=%2Fwp%2Fv2%2Ftags&post=6100"}],"curies":[{"name":"wp","href":"https:\/\/api.w.org\/{rel}","templated":true}]}}