{"id":6121,"date":"2018-03-24T21:11:07","date_gmt":"2018-03-24T20:11:07","guid":{"rendered":"http:\/\/www.mcmotylek.cz\/?p=6121"},"modified":"2018-03-24T21:11:07","modified_gmt":"2018-03-24T20:11:07","slug":"hledani-velikonocnich-vajicek-27-3-2018-9-30hodin","status":"publish","type":"post","link":"http:\/\/www.mcmotylek.cz\/?p=6121","title":{"rendered":"HLED\u00c1N\u00cd VELIKONO\u010cN\u00cdCH VAJ\u00cd\u010cEK 27.3.2018 9.30hodin"},"content":{"rendered":"<p><span style=\"color: #0000ff;\"><strong>Zveme V\u00e1s na HLED\u00c1N\u00cd VELIKONO\u010cN\u00cdCH VAJ\u00cd\u010cEK, kter\u00e9 se kon\u00e1 ji\u017e toto \u00fater\u00fd m\u00edsto hra\u010dkov\u00e1n\u00ed.<\/strong><\/span><\/p>\n<p><span style=\"color: #ff0000;\"><strong>P\u016fjdeme na louku za m\u0161 v T\u00fdnci k lesu, budeme se hodn\u011b hr\u00e1t a hledat velikono\u010dn\u00ed vaj\u00ed\u010dka.<\/strong><\/span><\/p>\n<p><span style=\"color: #0000ff;\"><strong>Sraz p\u0159ed mc mot\u00fdlek v 9.30 hodin<\/strong><\/span><\/p>\n<p><span style=\"color: #ff0000;\"><strong>Tepl\u00e9 oble\u010den\u00ed, sva\u010dinku a ko\u0161\u00ed\u010dky s sebou.<\/strong><\/span><\/p>\n<p><span style=\"color: #0000ff;\"><strong>V p\u0159\u00edpad\u011b \u0161patn\u00e9ho po\u010das\u00ed se akce bude konat v hern\u011b.<\/strong><\/span><\/p>\n<p><span style=\"color: #0000ff;\"><strong>V p\u0159\u00edpad\u011b dotaz\u016f pi\u0161t\u011b info@mcmotylek.cz nebo volejte Katku na 602 633 410.<\/strong><\/span><\/p>\n<p><span style=\"color: #0000ff;\"><strong>T\u00fdm MC Mot\u00fdlek<\/strong><\/span><\/p>\n","protected":false},"excerpt":{"rendered":"<p>Zveme V\u00e1s na HLED\u00c1N\u00cd VELIKONO\u010cN\u00cdCH VAJ\u00cd\u010cEK, kter\u00e9 se kon\u00e1 ji\u017e toto \u00fater\u00fd m\u00edsto hra\u010dkov\u00e1n\u00ed. P\u016fjdeme na louku za m\u0161 v T\u00fdnci k lesu, budeme se hodn\u011b hr\u00e1t a hledat velikono\u010dn\u00ed vaj\u00ed\u010dka. Sraz p\u0159ed mc mot\u00fdlek v 9.30 hodin Tepl\u00e9 oble\u010den\u00ed, sva\u010dinku a ko\u0161\u00ed\u010dky s sebou. V p\u0159\u00edpad\u011b \u0161patn\u00e9ho po\u010das\u00ed se akce bude konat v hern\u011b. [&hellip;]<\/p>\n","protected":false},"author":29,"featured_media":0,"comment_status":"open","ping_status":"open","sticky":true,"template":"","format":"standard","meta":{"ngg_post_thumbnail":0},"categories":[3,134,35],"tags":[42],"post_mailing_queue_ids":[],"_links":{"self":[{"href":"http:\/\/www.mcmotylek.cz\/index.php?rest_route=\/wp\/v2\/posts\/6121"}],"collection":[{"href":"http:\/\/www.mcmotylek.cz\/index.php?rest_route=\/wp\/v2\/posts"}],"about":[{"href":"http:\/\/www.mcmotylek.cz\/index.php?rest_route=\/wp\/v2\/types\/post"}],"author":[{"embeddable":true,"href":"http:\/\/www.mcmotylek.cz\/index.php?rest_route=\/wp\/v2\/users\/29"}],"replies":[{"embeddable":true,"href":"http:\/\/www.mcmotylek.cz\/index.php?rest_route=%2Fwp%2Fv2%2Fcomments&post=6121"}],"version-history":[{"count":1,"href":"http:\/\/www.mcmotylek.cz\/index.php?rest_route=\/wp\/v2\/posts\/6121\/revisions"}],"predecessor-version":[{"id":6122,"href":"http:\/\/www.mcmotylek.cz\/index.php?rest_route=\/wp\/v2\/posts\/6121\/revisions\/6122"}],"wp:attachment":[{"href":"http:\/\/www.mcmotylek.cz\/index.php?rest_route=%2Fwp%2Fv2%2Fmedia&parent=6121"}],"wp:term":[{"taxonomy":"category","embeddable":true,"href":"http:\/\/www.mcmotylek.cz\/index.php?rest_route=%2Fwp%2Fv2%2Fcategories&post=6121"},{"taxonomy":"post_tag","embeddable":true,"href":"http:\/\/www.mcmotylek.cz\/index.php?rest_route=%2Fwp%2Fv2%2Ftags&post=6121"}],"curies":[{"name":"wp","href":"https:\/\/api.w.org\/{rel}","templated":true}]}}