{"id":6181,"date":"2018-05-04T11:04:02","date_gmt":"2018-05-04T10:04:02","guid":{"rendered":"http:\/\/www.mcmotylek.cz\/?p=6181"},"modified":"2018-05-04T11:04:02","modified_gmt":"2018-05-04T10:04:02","slug":"den-pro-maminky-v-pondeli-13-kvetna","status":"publish","type":"post","link":"http:\/\/www.mcmotylek.cz\/?p=6181","title":{"rendered":"DEN PRO MAMINKY v pond\u011bl\u00ed 13. kv\u011btna"},"content":{"rendered":"<h1 style=\"text-align: left;\"><strong><span style=\"color: #ff00ff;\">DEN PRO MAMINKY<\/span><\/strong><\/h1>\n<p style=\"text-align: left;\">Mil\u00e9 maminky,<\/p>\n<p style=\"text-align: left;\">p\u0159ij\u010fte si s n\u00e1mi u\u017e\u00edt b\u00e1je\u010dn\u00fd den jen pro V\u00e1s!<\/p>\n<p style=\"text-align: left;\">Zaslou\u017e\u00edte si ho!!!!<\/p>\n<p style=\"text-align: left;\">T\u011b\u0161\u00ed se na V\u00e1s zku\u0161en\u00e1 kosmeti\u010dka, poradkyn\u011b, kter\u00e9 V\u00e1s p\u011bkn\u011b nal\u00ed\u010d\u00ed, kade\u0159nice, kter\u00e1 V\u00e1m r\u00e1da<\/p>\n<p style=\"text-align: left;\">porad\u00ed \u010di V\u00e1s u\u010de\u0161e a fotograf, kter\u00fd V\u00e1m dle z\u00e1jmu ud\u011bl\u00e1 p\u011bkn\u00e9 fotografie.<\/p>\n<p style=\"text-align: left;\">Co V\u00e1s je\u0161t\u011b \u010dek\u00e1?<\/p>\n<p style=\"text-align: left;\">Dobr\u00e9 rady, p\u0159\u00edjemn\u00e1 spole\u010dnost, uk\u00e1zka kosmetiky,<\/p>\n<p style=\"text-align: left;\">dobr\u00e1 k\u00e1va a sladkost k tomu :o)<\/p>\n<h1 style=\"text-align: center;\"><strong><span style=\"color: #ff0000;\">To v\u0161e v pond\u011bl\u00ed 14.5.2018 od 9-12 hod. v MC Mot\u00fdlek.<\/span><\/strong><\/h1>\n<p style=\"text-align: left;\">P\u0159ij\u00edt m\u016f\u017eete i s Va\u0161imi d\u011btmi, o kter\u00e9 bude dob\u0159e postar\u00e1no<\/p>\n<p style=\"text-align: left;\">MC Mot\u00fdlek se na V\u00e1s u\u017e moc t\u011b\u0161\u00ed!<\/p>\n<p>V p\u0159\u00edpad\u011b dotaz\u016f pi\u0161te na <a href=\"mailto:info@mcmotylek.cz\">info@mcmotylek.cz<\/a><\/p>\n","protected":false},"excerpt":{"rendered":"<p>DEN PRO MAMINKY Mil\u00e9 maminky, p\u0159ij\u010fte si s n\u00e1mi u\u017e\u00edt b\u00e1je\u010dn\u00fd den jen pro V\u00e1s! Zaslou\u017e\u00edte si ho!!!! T\u011b\u0161\u00ed se na V\u00e1s zku\u0161en\u00e1 kosmeti\u010dka, poradkyn\u011b, kter\u00e9 V\u00e1s p\u011bkn\u011b nal\u00ed\u010d\u00ed, kade\u0159nice, kter\u00e1 V\u00e1m r\u00e1da porad\u00ed \u010di V\u00e1s u\u010de\u0161e a fotograf, kter\u00fd V\u00e1m dle z\u00e1jmu ud\u011bl\u00e1 p\u011bkn\u00e9 fotografie. Co V\u00e1s je\u0161t\u011b \u010dek\u00e1? Dobr\u00e9 rady, p\u0159\u00edjemn\u00e1 spole\u010dnost, uk\u00e1zka [&hellip;]<\/p>\n","protected":false},"author":31,"featured_media":0,"comment_status":"open","ping_status":"open","sticky":true,"template":"","format":"standard","meta":{"ngg_post_thumbnail":0},"categories":[134],"tags":[],"post_mailing_queue_ids":[],"_links":{"self":[{"href":"http:\/\/www.mcmotylek.cz\/index.php?rest_route=\/wp\/v2\/posts\/6181"}],"collection":[{"href":"http:\/\/www.mcmotylek.cz\/index.php?rest_route=\/wp\/v2\/posts"}],"about":[{"href":"http:\/\/www.mcmotylek.cz\/index.php?rest_route=\/wp\/v2\/types\/post"}],"author":[{"embeddable":true,"href":"http:\/\/www.mcmotylek.cz\/index.php?rest_route=\/wp\/v2\/users\/31"}],"replies":[{"embeddable":true,"href":"http:\/\/www.mcmotylek.cz\/index.php?rest_route=%2Fwp%2Fv2%2Fcomments&post=6181"}],"version-history":[{"count":5,"href":"http:\/\/www.mcmotylek.cz\/index.php?rest_route=\/wp\/v2\/posts\/6181\/revisions"}],"predecessor-version":[{"id":6186,"href":"http:\/\/www.mcmotylek.cz\/index.php?rest_route=\/wp\/v2\/posts\/6181\/revisions\/6186"}],"wp:attachment":[{"href":"http:\/\/www.mcmotylek.cz\/index.php?rest_route=%2Fwp%2Fv2%2Fmedia&parent=6181"}],"wp:term":[{"taxonomy":"category","embeddable":true,"href":"http:\/\/www.mcmotylek.cz\/index.php?rest_route=%2Fwp%2Fv2%2Fcategories&post=6181"},{"taxonomy":"post_tag","embeddable":true,"href":"http:\/\/www.mcmotylek.cz\/index.php?rest_route=%2Fwp%2Fv2%2Ftags&post=6181"}],"curies":[{"name":"wp","href":"https:\/\/api.w.org\/{rel}","templated":true}]}}