{"id":6205,"date":"2018-05-16T23:47:28","date_gmt":"2018-05-16T22:47:28","guid":{"rendered":"http:\/\/www.mcmotylek.cz\/?p=6205"},"modified":"2018-05-16T23:47:28","modified_gmt":"2018-05-16T22:47:28","slug":"reportaz-den-pro-maminky","status":"publish","type":"post","link":"http:\/\/www.mcmotylek.cz\/?p=6205","title":{"rendered":"Report\u00e1\u017e-Den pro maminky"},"content":{"rendered":"<p>V pond\u011bl\u00ed hned po ned\u011bln\u00edm Sv\u00e1tku matek se v Mot\u00fdlku konal ji\u017e tradi\u010dn\u00ed Den pro maminky.<\/p>\n<p>Letos byla hojn\u00e1 \u00fa\u010dast a bylo to fajn.<\/p>\n<p><a href=\"https:\/\/www.facebook.com\/pg\/motylek.tynec\/photos\/?tab=album&amp;album_id=1376082359203835\">Tady<\/a> si m\u016f\u017eete prohl\u00e9dnout, jak to vypadalo b\u011bhem dopoledne a\u00a0<a href=\"http:\/\/kachenzie.rajce.idnes.cz\/Den_pro_maminky\/\">zde<\/a> je odkaz na fotogalerii \u00fa\u010dastnic se sv\u00fdmi d\u011btmi.<\/p>\n<p>T\u011b\u0161\u00edme se na p\u0159\u00ed\u0161t\u00ed rok.<\/p>\n<p>T\u00fdm MC Mot\u00fdlek<\/p>\n<p>&nbsp;<\/p>\n","protected":false},"excerpt":{"rendered":"<p>V pond\u011bl\u00ed hned po ned\u011bln\u00edm Sv\u00e1tku matek se v Mot\u00fdlku konal ji\u017e tradi\u010dn\u00ed Den pro maminky. Letos byla hojn\u00e1 \u00fa\u010dast a bylo to fajn. Tady si m\u016f\u017eete prohl\u00e9dnout, jak to vypadalo b\u011bhem dopoledne a\u00a0zde je odkaz na fotogalerii \u00fa\u010dastnic se sv\u00fdmi d\u011btmi. T\u011b\u0161\u00edme se na p\u0159\u00ed\u0161t\u00ed rok. T\u00fdm MC Mot\u00fdlek &nbsp;<\/p>\n","protected":false},"author":31,"featured_media":0,"comment_status":"open","ping_status":"open","sticky":true,"template":"","format":"standard","meta":{"ngg_post_thumbnail":0},"categories":[3,134],"tags":[],"post_mailing_queue_ids":[],"_links":{"self":[{"href":"http:\/\/www.mcmotylek.cz\/index.php?rest_route=\/wp\/v2\/posts\/6205"}],"collection":[{"href":"http:\/\/www.mcmotylek.cz\/index.php?rest_route=\/wp\/v2\/posts"}],"about":[{"href":"http:\/\/www.mcmotylek.cz\/index.php?rest_route=\/wp\/v2\/types\/post"}],"author":[{"embeddable":true,"href":"http:\/\/www.mcmotylek.cz\/index.php?rest_route=\/wp\/v2\/users\/31"}],"replies":[{"embeddable":true,"href":"http:\/\/www.mcmotylek.cz\/index.php?rest_route=%2Fwp%2Fv2%2Fcomments&post=6205"}],"version-history":[{"count":1,"href":"http:\/\/www.mcmotylek.cz\/index.php?rest_route=\/wp\/v2\/posts\/6205\/revisions"}],"predecessor-version":[{"id":6206,"href":"http:\/\/www.mcmotylek.cz\/index.php?rest_route=\/wp\/v2\/posts\/6205\/revisions\/6206"}],"wp:attachment":[{"href":"http:\/\/www.mcmotylek.cz\/index.php?rest_route=%2Fwp%2Fv2%2Fmedia&parent=6205"}],"wp:term":[{"taxonomy":"category","embeddable":true,"href":"http:\/\/www.mcmotylek.cz\/index.php?rest_route=%2Fwp%2Fv2%2Fcategories&post=6205"},{"taxonomy":"post_tag","embeddable":true,"href":"http:\/\/www.mcmotylek.cz\/index.php?rest_route=%2Fwp%2Fv2%2Ftags&post=6205"}],"curies":[{"name":"wp","href":"https:\/\/api.w.org\/{rel}","templated":true}]}}