{"id":6211,"date":"2018-05-22T15:06:33","date_gmt":"2018-05-22T14:06:33","guid":{"rendered":"http:\/\/www.mcmotylek.cz\/?p=6211"},"modified":"2018-05-22T12:11:49","modified_gmt":"2018-05-22T11:11:49","slug":"ekovlackem-na-konopiste-25-kvetna","status":"publish","type":"post","link":"http:\/\/www.mcmotylek.cz\/?p=6211","title":{"rendered":"Ekovl\u00e1\u010dkem na Konopi\u0161t\u011b 25.kv\u011btna"},"content":{"rendered":"<p><span style=\"color: #000000; font-family: sans-serif; font-size: 12.8px; font-variant-ligatures: normal; orphans: 2; widows: 2;\">Mil\u00e9 maminky,<\/span><\/p>\n<div style=\"color: #000000; font-family: sans-serif; font-size: 12.8px; font-variant-ligatures: normal; orphans: 2; widows: 2;\">v p\u00e1tek 25.5. m\u00edsto Tvo\u0159en\u00ed pojedeme ekovl\u00e1\u010dkem na Konopi\u0161t\u011b.<\/div>\n<div style=\"color: #000000; font-family: sans-serif; font-size: 12.8px; font-variant-ligatures: normal; orphans: 2; widows: 2;\"><span style=\"color: #ff0000;\">Sraz bude u font\u00e1ny na n\u00e1m\u011bst\u00ed v Bene\u0161ov\u011b v 9:00<\/span><\/div>\n<div style=\"color: #000000; font-family: sans-serif; font-size: 12.8px; font-variant-ligatures: normal; orphans: 2; widows: 2;\">S sebou si vezm\u011bte malou sva\u010dinku.<\/div>\n<div style=\"color: #000000; font-family: sans-serif; font-size: 12.8px; font-variant-ligatures: normal; orphans: 2; widows: 2;\">Po okru\u017en\u00ed cest\u011b zajdeme na zmrzlinu!<\/div>\n<div><\/div>\n<div style=\"color: #000000; font-family: sans-serif; font-size: 12.8px; font-variant-ligatures: normal; orphans: 2; widows: 2;\">Kdo bude cht\u00edt m\u016f\u017ee s n\u00e1mi nav\u0161t\u00edvit v\u00fdstavu &#8222;Zn\u00e1te na\u0161e sv\u00e1tky?&#8220;\u00a0<span style=\"color: #444444; font-family: Arial, 'Arial CE', Helvetica, 'Helvetica CE', sans-serif; background-color: transparent;\">V\u00fdstava provede p\u0159ed\u0161koln\u00ed a mlad\u0161\u00ed d\u011bti v\u0161emi sv\u00e1tky, kter\u00e9 v \u010cesk\u00e9 republice slav\u00edme. Mohou se na n\u00ed dozv\u011bd\u011bt, jak\u00e9 m\u00e1me v\u00fdznamn\u00e9 dny a dny pracovn\u00edho klidu a pro\u010d jsou v kalend\u00e1\u0159i.<\/span><\/div>\n<div><\/div>\n<div style=\"color: #000000; font-family: sans-serif; font-size: 12.8px; font-variant-ligatures: normal; orphans: 2; widows: 2;\"><span style=\"color: #ff0000;\">Odjezd vl\u00e1\u010dku z n\u00e1m\u011bst\u00ed 9:15<\/span><\/div>\n<div style=\"color: #000000; font-family: sans-serif; font-size: 12.8px; font-variant-ligatures: normal; orphans: 2; widows: 2;\">P\u0159\u00edjezd po okru\u017en\u00ed cest\u011b 10:33<\/div>\n<div style=\"color: #000000; font-family: sans-serif; font-size: 12.8px; font-variant-ligatures: normal; orphans: 2; widows: 2;\"><strong style=\"color: #555555; font-family: 'Trebuchet MS', Helvetica, sans-serif; text-align: justify;\">J\u00edzdenka na jeden okruh\u00a0stoj\u00ed 20 K\u010d za osobu. D\u011bti do 6 let a dr\u017eitel\u00e9 pr\u016fkazu ZTP, ZTP-P zdarma.<\/strong><\/div>\n<div style=\"color: #000000; font-family: sans-serif; font-size: 12.8px; font-variant-ligatures: normal; orphans: 2; widows: 2;\">Bude se na V\u00e1s t\u011b\u0161it Katka s Ani\u010dkou a Ad\u00e1mkem!<\/div>\n","protected":false},"excerpt":{"rendered":"<p>Mil\u00e9 maminky, v p\u00e1tek 25.5. m\u00edsto Tvo\u0159en\u00ed pojedeme ekovl\u00e1\u010dkem na Konopi\u0161t\u011b. Sraz bude u font\u00e1ny na n\u00e1m\u011bst\u00ed v Bene\u0161ov\u011b v 9:00 S sebou si vezm\u011bte malou sva\u010dinku. Po okru\u017en\u00ed cest\u011b zajdeme na zmrzlinu! Kdo bude cht\u00edt m\u016f\u017ee s n\u00e1mi nav\u0161t\u00edvit v\u00fdstavu &#8222;Zn\u00e1te na\u0161e sv\u00e1tky?&#8220;\u00a0V\u00fdstava provede p\u0159ed\u0161koln\u00ed a mlad\u0161\u00ed d\u011bti v\u0161emi sv\u00e1tky, kter\u00e9 v \u010cesk\u00e9 republice [&hellip;]<\/p>\n","protected":false},"author":31,"featured_media":0,"comment_status":"open","ping_status":"open","sticky":true,"template":"","format":"standard","meta":{"ngg_post_thumbnail":0},"categories":[134],"tags":[],"post_mailing_queue_ids":[],"_links":{"self":[{"href":"http:\/\/www.mcmotylek.cz\/index.php?rest_route=\/wp\/v2\/posts\/6211"}],"collection":[{"href":"http:\/\/www.mcmotylek.cz\/index.php?rest_route=\/wp\/v2\/posts"}],"about":[{"href":"http:\/\/www.mcmotylek.cz\/index.php?rest_route=\/wp\/v2\/types\/post"}],"author":[{"embeddable":true,"href":"http:\/\/www.mcmotylek.cz\/index.php?rest_route=\/wp\/v2\/users\/31"}],"replies":[{"embeddable":true,"href":"http:\/\/www.mcmotylek.cz\/index.php?rest_route=%2Fwp%2Fv2%2Fcomments&post=6211"}],"version-history":[{"count":1,"href":"http:\/\/www.mcmotylek.cz\/index.php?rest_route=\/wp\/v2\/posts\/6211\/revisions"}],"predecessor-version":[{"id":6212,"href":"http:\/\/www.mcmotylek.cz\/index.php?rest_route=\/wp\/v2\/posts\/6211\/revisions\/6212"}],"wp:attachment":[{"href":"http:\/\/www.mcmotylek.cz\/index.php?rest_route=%2Fwp%2Fv2%2Fmedia&parent=6211"}],"wp:term":[{"taxonomy":"category","embeddable":true,"href":"http:\/\/www.mcmotylek.cz\/index.php?rest_route=%2Fwp%2Fv2%2Fcategories&post=6211"},{"taxonomy":"post_tag","embeddable":true,"href":"http:\/\/www.mcmotylek.cz\/index.php?rest_route=%2Fwp%2Fv2%2Ftags&post=6211"}],"curies":[{"name":"wp","href":"https:\/\/api.w.org\/{rel}","templated":true}]}}