{"id":6238,"date":"2018-05-29T23:14:43","date_gmt":"2018-05-29T22:14:43","guid":{"rendered":"http:\/\/www.mcmotylek.cz\/?p=6238"},"modified":"2018-05-29T23:15:41","modified_gmt":"2018-05-29T22:15:41","slug":"gdpr-v-motylku","status":"publish","type":"post","link":"http:\/\/www.mcmotylek.cz\/?p=6238","title":{"rendered":"GDPR v Mot\u00fdlku"},"content":{"rendered":"<p style=\"background-color: transparent; color: #333333; font-family: Georgia,&amp;quot; times new roman&amp;quot;,&amp;quot;bitstream charter&amp;quot;,times,serif; font-size: 16px; font-style: normal; font-variant: normal; font-weight: 400; letter-spacing: normal; line-height: 24px; orphans: 2; text-align: left; text-decoration: none; text-indent: 0px; text-transform: none; -webkit-text-stroke-width: 0px; white-space: normal; word-spacing: 0px;\">V\u00e1\u017een\u00fd rodi\u010di-\u00fa\u010dastn\u00edku na\u0161\u00ed programov\u00e9 nab\u00eddky\/\u010dlene Spolku Mate\u0159sk\u00e9ho centra Mot\u00fdlek T\u00fdnec nad S\u00e1zavou,<\/p>\n<p style=\"background-color: transparent; color: #333333; font-family: Georgia,&amp;quot; times new roman&amp;quot;,&amp;quot;bitstream charter&amp;quot;,times,serif; font-size: 16px; font-style: normal; font-variant: normal; font-weight: 400; letter-spacing: normal; line-height: 24px; orphans: 2; text-align: left; text-decoration: none; text-indent: 0px; text-transform: none; -webkit-text-stroke-width: 0px; white-space: normal; word-spacing: 0px;\">25. kv\u011btna za\u010dalo v Evropsk\u00e9 unii platit Obecn\u00e9 na\u0159\u00edzen\u00ed o ochran\u011b osobn\u00edch \u00fadaj\u016f \u010d. 2016\/679- <span style=\"display: inline !important; float: none; background-color: transparent; color: #333333; cursor: text; font-family: Georgia,'Times New Roman','Bitstream Charter',Times,serif; font-size: 16px; font-style: normal; font-variant: normal; font-weight: 400; letter-spacing: normal; line-height: 24px; orphans: 2; text-align: left; text-decoration: none; text-indent: 0px; text-transform: none; -webkit-text-stroke-width: 0px; white-space: normal; word-spacing: 0px;\">General Data Protection Regulation, zkr\u00e1cen\u011b GDPR<\/span><strong style=\"line-height: 24px;\">.<br \/>\nTato zm\u011bna pro V\u00e1s obecn\u011b nic nem\u011bn\u00ed a ani nen\u00ed nutn\u00fd z Va\u0161\u00ed strany \u017e\u00e1dn\u00fd dodate\u010dn\u00fd z\u00e1sah.<\/strong> <br style=\"line-height: 24px;\" \/>Pouze bychom V\u00e1s r\u00e1di informovali v jak\u00e9m rozsahu nakl\u00e1d\u00e1me s osobn\u00edmi \u00fadaji, pro jak\u00e9 \u00fa\u010dely je vyu\u017e\u00edv\u00e1me, jak s nimi nakl\u00e1d\u00e1me a jak\u00e9 m\u00e1te pr\u00e1va v souvislosti s Va\u0161imi osobn\u00edmi \u00fadaji.<\/p>\n<p style=\"background-color: transparent; color: #333333; font-family: Georgia,&amp;quot; times new roman&amp;quot;,&amp;quot;bitstream charter&amp;quot;,times,serif; font-size: 16px; font-style: normal; font-variant: normal; font-weight: 400; letter-spacing: normal; line-height: 24px; orphans: 2; text-align: left; text-decoration: none; text-indent: 0px; text-transform: none; -webkit-text-stroke-width: 0px; white-space: normal; word-spacing: 0px;\">Na na\u0161ich webov\u00fdch str\u00e1nk\u00e1ch <a style=\"line-height: 24px;\" href=\"http:\/\/www.mcmotylek.cz\/?page_id=6240\" target=\"_blank\" rel=\"noopener\">ZDE<\/a> najdete kompletn\u00ed informace jak s\u00a0daty nakl\u00e1d\u00e1me.<\/p>\n<p style=\"background-color: transparent; color: #333333; font-family: Georgia,&amp;quot; times new roman&amp;quot;,&amp;quot;bitstream charter&amp;quot;,times,serif; font-size: 16px; font-style: normal; font-variant: normal; font-weight: 400; letter-spacing: normal; line-height: 24px; orphans: 2; text-align: left; text-decoration: none; text-indent: 0px; text-transform: none; -webkit-text-stroke-width: 0px; white-space: normal; word-spacing: 0px;\"><span style=\"display: inline !important; float: none; background-color: transparent; color: #333333; font-family: Georgia,'Times New Roman','Bitstream Charter',Times,serif; font-size: 16px; font-style: normal; font-variant: normal; font-weight: 400; letter-spacing: normal; line-height: 24px; orphans: 2; text-align: left; text-decoration: none; text-indent: 0px; text-transform: none; -webkit-text-stroke-width: 0px; white-space: normal; word-spacing: 0px;\">\u00a0<\/span>V ka\u017ed\u00e9m mailu, kter\u00fd V\u00e1m p\u0159ich\u00e1z\u00ed, je \u00fapln\u011b dole mo\u017enost, jak se z odb\u011bru novinek odhl\u00e1sit.<\/p>\n<p style=\"background-color: transparent; color: #333333; font-family: Georgia,&amp;quot; times new roman&amp;quot;,&amp;quot;bitstream charter&amp;quot;,times,serif; font-size: 16px; font-style: normal; font-variant: normal; font-weight: 400; letter-spacing: normal; line-height: 24px; orphans: 2; text-align: left; text-decoration: none; text-indent: 0px; text-transform: none; -webkit-text-stroke-width: 0px; white-space: normal; word-spacing: 0px;\">D\u011bkujeme<\/p>\n<p style=\"background-color: transparent; color: #333333; font-family: Georgia,&amp;quot; times new roman&amp;quot;,&amp;quot;bitstream charter&amp;quot;,times,serif; font-size: 16px; font-style: normal; font-variant: normal; font-weight: 400; letter-spacing: normal; line-height: 24px; orphans: 2; text-align: left; text-decoration: none; text-indent: 0px; text-transform: none; -webkit-text-stroke-width: 0px; white-space: normal; word-spacing: 0px;\">Spolek Mate\u0159sk\u00e9 centrum Mot\u00fdlek T\u00fdnec nad S\u00e1zavou<\/p>\n<p><span style=\"display: inline !important; float: none; background-color: transparent; color: #333333; font-family: Georgia,'Times New Roman','Bitstream Charter',Times,serif; font-size: 16px; font-style: normal; font-variant: normal; font-weight: 400; letter-spacing: normal; line-height: 24px; orphans: 2; text-align: left; text-decoration: none; text-indent: 0px; text-transform: none; -webkit-text-stroke-width: 0px; white-space: normal; word-spacing: 0px;\"><a class=\"download-link\" title=\"\n\t\" href=\"http:\/\/www.mcmotylek.cz?download=6256&#038;tmstv=1777588812\" rel=\"nofollow\">\n\tinformace-pro-\u010dleny-spolku-\u00fa\u010dastn\u00edk\u016f-nab\u00eddky-MC-Motylek.pdf\t(sta\u017eeno 363\u00d7 )\n<\/a>\n<\/span><b><\/b><i><\/i><u><\/u><\/p>\n","protected":false},"excerpt":{"rendered":"<p>V\u00e1\u017een\u00fd rodi\u010di-\u00fa\u010dastn\u00edku na\u0161\u00ed programov\u00e9 nab\u00eddky\/\u010dlene Spolku Mate\u0159sk\u00e9ho centra Mot\u00fdlek T\u00fdnec nad S\u00e1zavou, 25. kv\u011btna za\u010dalo v Evropsk\u00e9 unii platit Obecn\u00e9 na\u0159\u00edzen\u00ed o ochran\u011b osobn\u00edch \u00fadaj\u016f \u010d. 2016\/679- General Data Protection Regulation, zkr\u00e1cen\u011b GDPR. Tato zm\u011bna pro V\u00e1s obecn\u011b nic nem\u011bn\u00ed a ani nen\u00ed nutn\u00fd z Va\u0161\u00ed strany \u017e\u00e1dn\u00fd dodate\u010dn\u00fd z\u00e1sah. Pouze bychom V\u00e1s r\u00e1di informovali [&hellip;]<\/p>\n","protected":false},"author":31,"featured_media":0,"comment_status":"open","ping_status":"open","sticky":true,"template":"","format":"standard","meta":{"ngg_post_thumbnail":0},"categories":[134],"tags":[],"post_mailing_queue_ids":[],"_links":{"self":[{"href":"http:\/\/www.mcmotylek.cz\/index.php?rest_route=\/wp\/v2\/posts\/6238"}],"collection":[{"href":"http:\/\/www.mcmotylek.cz\/index.php?rest_route=\/wp\/v2\/posts"}],"about":[{"href":"http:\/\/www.mcmotylek.cz\/index.php?rest_route=\/wp\/v2\/types\/post"}],"author":[{"embeddable":true,"href":"http:\/\/www.mcmotylek.cz\/index.php?rest_route=\/wp\/v2\/users\/31"}],"replies":[{"embeddable":true,"href":"http:\/\/www.mcmotylek.cz\/index.php?rest_route=%2Fwp%2Fv2%2Fcomments&post=6238"}],"version-history":[{"count":13,"href":"http:\/\/www.mcmotylek.cz\/index.php?rest_route=\/wp\/v2\/posts\/6238\/revisions"}],"predecessor-version":[{"id":6263,"href":"http:\/\/www.mcmotylek.cz\/index.php?rest_route=\/wp\/v2\/posts\/6238\/revisions\/6263"}],"wp:attachment":[{"href":"http:\/\/www.mcmotylek.cz\/index.php?rest_route=%2Fwp%2Fv2%2Fmedia&parent=6238"}],"wp:term":[{"taxonomy":"category","embeddable":true,"href":"http:\/\/www.mcmotylek.cz\/index.php?rest_route=%2Fwp%2Fv2%2Fcategories&post=6238"},{"taxonomy":"post_tag","embeddable":true,"href":"http:\/\/www.mcmotylek.cz\/index.php?rest_route=%2Fwp%2Fv2%2Ftags&post=6238"}],"curies":[{"name":"wp","href":"https:\/\/api.w.org\/{rel}","templated":true}]}}