{"id":6287,"date":"2018-08-07T14:35:35","date_gmt":"2018-08-07T13:35:35","guid":{"rendered":"http:\/\/www.mcmotylek.cz\/?p=6287"},"modified":"2018-08-07T14:35:35","modified_gmt":"2018-08-07T13:35:35","slug":"motylek-se-opet-rozjede-10-zari","status":"publish","type":"post","link":"http:\/\/www.mcmotylek.cz\/?p=6287","title":{"rendered":"Mot\u00fdlek se op\u011bt rozjede 10. z\u00e1\u0159\u00ed"},"content":{"rendered":"<p>V\u00e1\u017een\u00ed rodi\u010de,<\/p>\n<p>pr\u00e1zdniny se p\u0159ehouply do druh\u00e9 poloviny a tak p\u0159ich\u00e1z\u00edme s nov\u00fdm rozvrhem.<\/p>\n<p>Mot\u00fdlek se sv\u00fdmi pravideln\u00fdmi krou\u017eky se op\u011bt rozjede <strong>10. z\u00e1\u0159\u00ed<\/strong>.<\/p>\n\n<table id=\"tablepress-4\" class=\"tablepress tablepress-id-4\">\n<thead>\n<tr class=\"row-1 odd\">\n\t<th class=\"column-1\">&nbsp;<\/th><th class=\"column-2\">DOPOLEDNE<\/th><th colspan=\"2\" class=\"column-3\">ODPOLEDNE<\/th>\n<\/tr>\n<\/thead>\n<tbody class=\"row-hover\">\n<tr class=\"row-2 even\">\n\t<td class=\"column-1\">Pond\u011bl\u00ed<\/td><td class=\"column-2\">10:00 - 11:00<br \/>\nMAL\u00dd MUZIKANT<br \/>\nJana P\u0159ibylov\u00e1<br \/>\n(od 18m do 4 let)<\/td><td class=\"column-3\"><\/td><td class=\"column-4\"><\/td>\n<\/tr>\n<tr class=\"row-3 odd\">\n\t<td class=\"column-1\">\u00dater\u00fd<\/td><td class=\"column-2\">9:30 - 11:00<br \/>\nCVI\u010cEN\u00cd\u010cKO<br \/>\nMirka Hru\u0161kov\u00e1<br \/>\n(od 12 m)<\/td><td class=\"column-3\"><\/td><td class=\"column-4\"><\/td>\n<\/tr>\n<tr class=\"row-4 even\">\n\t<td class=\"column-1\">St\u0159eda<\/td><td class=\"column-2\">09:30 - 11:00<br \/>\nZP\u00cdV\u00c1ME, TANCUJEME A HRAJEME SI<br \/>\nPetra Koukalov\u00e1<br \/>\n(od 12m)<br \/>\n<\/td><td class=\"column-3\"><\/td><td class=\"column-4\"><\/td>\n<\/tr>\n<tr class=\"row-5 odd\">\n\t<td class=\"column-1\">\u010ctvrtek<\/td><td class=\"column-2\">9:30 - 11:00<br \/>\nPOHYBOV\u00dd KLUB <br \/>\nAd\u00e9la Richterov\u00e1<br \/>\n<\/td><td class=\"column-3\">14:30 - 16:00<br \/>\nTvo\u0159en\u00ed <br \/>\nLjuba Krav\u010denko<br \/>\n(od 2 let)<br \/>\n<br \/>\n<br \/>\n<\/td><td class=\"column-4\">16:00 - 18:00<br \/>\nHerna<br \/>\n(pro v\u0161echny v\u011bkov\u00e9 kategorie)<\/td>\n<\/tr>\n<tr class=\"row-6 even\">\n\t<td class=\"column-1\">P\u00e1tek<\/td><td class=\"column-2\">9:30 - 11.30<br \/>\nMAL\u00dd TURISTA<br \/>\n\u0160\u00e1rka Du\u0161ov\u00e1<\/td><td class=\"column-3\"><\/td><td class=\"column-4\"><\/td>\n<\/tr>\n<\/tbody>\n<\/table>\n<!-- #tablepress-4 from cache -->\n<p>&nbsp;<\/p>\n<p>&nbsp;<\/p>\n","protected":false},"excerpt":{"rendered":"<p>V\u00e1\u017een\u00ed rodi\u010de, pr\u00e1zdniny se p\u0159ehouply do druh\u00e9 poloviny a tak p\u0159ich\u00e1z\u00edme s nov\u00fdm rozvrhem. Mot\u00fdlek se sv\u00fdmi pravideln\u00fdmi krou\u017eky se op\u011bt rozjede 10. z\u00e1\u0159\u00ed. &nbsp; &nbsp;<\/p>\n","protected":false},"author":31,"featured_media":0,"comment_status":"open","ping_status":"open","sticky":true,"template":"","format":"standard","meta":{"ngg_post_thumbnail":0},"categories":[134,35],"tags":[96],"post_mailing_queue_ids":[],"_links":{"self":[{"href":"http:\/\/www.mcmotylek.cz\/index.php?rest_route=\/wp\/v2\/posts\/6287"}],"collection":[{"href":"http:\/\/www.mcmotylek.cz\/index.php?rest_route=\/wp\/v2\/posts"}],"about":[{"href":"http:\/\/www.mcmotylek.cz\/index.php?rest_route=\/wp\/v2\/types\/post"}],"author":[{"embeddable":true,"href":"http:\/\/www.mcmotylek.cz\/index.php?rest_route=\/wp\/v2\/users\/31"}],"replies":[{"embeddable":true,"href":"http:\/\/www.mcmotylek.cz\/index.php?rest_route=%2Fwp%2Fv2%2Fcomments&post=6287"}],"version-history":[{"count":7,"href":"http:\/\/www.mcmotylek.cz\/index.php?rest_route=\/wp\/v2\/posts\/6287\/revisions"}],"predecessor-version":[{"id":6301,"href":"http:\/\/www.mcmotylek.cz\/index.php?rest_route=\/wp\/v2\/posts\/6287\/revisions\/6301"}],"wp:attachment":[{"href":"http:\/\/www.mcmotylek.cz\/index.php?rest_route=%2Fwp%2Fv2%2Fmedia&parent=6287"}],"wp:term":[{"taxonomy":"category","embeddable":true,"href":"http:\/\/www.mcmotylek.cz\/index.php?rest_route=%2Fwp%2Fv2%2Fcategories&post=6287"},{"taxonomy":"post_tag","embeddable":true,"href":"http:\/\/www.mcmotylek.cz\/index.php?rest_route=%2Fwp%2Fv2%2Ftags&post=6287"}],"curies":[{"name":"wp","href":"https:\/\/api.w.org\/{rel}","templated":true}]}}