{"id":6450,"date":"2018-09-26T15:07:23","date_gmt":"2018-09-26T14:07:23","guid":{"rendered":"http:\/\/www.mcmotylek.cz\/?p=6450"},"modified":"2018-09-26T15:07:23","modified_gmt":"2018-09-26T14:07:23","slug":"svobodna-hra-27-zari-venku","status":"publish","type":"post","link":"http:\/\/www.mcmotylek.cz\/?p=6450","title":{"rendered":"Svobodn\u00e1 hra 27.z\u00e1\u0159\u00ed VENKU"},"content":{"rendered":"<p>V\u00e1\u017een\u00ed rodi\u010de,<\/p>\n<p>Svobodn\u00e1 hra z\u00edtra 27.9. op\u011bt venku.<\/p>\n<p>Sraz venku u Mot\u00fdlku 9:30 -9:45.<\/p>\n<p>Pot\u00e9 p\u016fjdeme k prol\u00e9za\u010dce mezi panel\u00e1ky.<\/p>\n<p>T\u011b\u0161\u00edme se Lenka a Ane\u017eka.<\/p>\n<p>Obr\u00e1zky z minul\u00e9ho t\u00fddne:<\/p>\n<p><img loading=\"lazy\" class=\"alignnone size-medium wp-image-6451\" src=\"http:\/\/www.mcmotylek.cz\/wp-content\/uploads\/2018\/09\/20180920_104436-300x169.jpg\" alt=\"\" width=\"300\" height=\"169\" srcset=\"http:\/\/www.mcmotylek.cz\/wp-content\/uploads\/2018\/09\/20180920_104436-300x169.jpg 300w, http:\/\/www.mcmotylek.cz\/wp-content\/uploads\/2018\/09\/20180920_104436-768x432.jpg 768w, http:\/\/www.mcmotylek.cz\/wp-content\/uploads\/2018\/09\/20180920_104436-1024x576.jpg 1024w\" sizes=\"(max-width: 300px) 100vw, 300px\" \/><\/p>\n<p><strong><img loading=\"lazy\" class=\"alignnone size-medium wp-image-6452\" src=\"http:\/\/www.mcmotylek.cz\/wp-content\/uploads\/2018\/09\/20180920_104442-300x169.jpg\" alt=\"\" width=\"300\" height=\"169\" srcset=\"http:\/\/www.mcmotylek.cz\/wp-content\/uploads\/2018\/09\/20180920_104442-300x169.jpg 300w, http:\/\/www.mcmotylek.cz\/wp-content\/uploads\/2018\/09\/20180920_104442-768x432.jpg 768w, http:\/\/www.mcmotylek.cz\/wp-content\/uploads\/2018\/09\/20180920_104442-1024x576.jpg 1024w\" sizes=\"(max-width: 300px) 100vw, 300px\" \/><\/strong><\/p>\n<p>&nbsp;<\/p>\n","protected":false},"excerpt":{"rendered":"<p>V\u00e1\u017een\u00ed rodi\u010de, Svobodn\u00e1 hra z\u00edtra 27.9. op\u011bt venku. Sraz venku u Mot\u00fdlku 9:30 -9:45. Pot\u00e9 p\u016fjdeme k prol\u00e9za\u010dce mezi panel\u00e1ky. T\u011b\u0161\u00edme se Lenka a Ane\u017eka. Obr\u00e1zky z minul\u00e9ho t\u00fddne: &nbsp;<\/p>\n","protected":false},"author":31,"featured_media":0,"comment_status":"open","ping_status":"open","sticky":true,"template":"","format":"standard","meta":{"ngg_post_thumbnail":0},"categories":[134,35],"tags":[],"post_mailing_queue_ids":[],"_links":{"self":[{"href":"http:\/\/www.mcmotylek.cz\/index.php?rest_route=\/wp\/v2\/posts\/6450"}],"collection":[{"href":"http:\/\/www.mcmotylek.cz\/index.php?rest_route=\/wp\/v2\/posts"}],"about":[{"href":"http:\/\/www.mcmotylek.cz\/index.php?rest_route=\/wp\/v2\/types\/post"}],"author":[{"embeddable":true,"href":"http:\/\/www.mcmotylek.cz\/index.php?rest_route=\/wp\/v2\/users\/31"}],"replies":[{"embeddable":true,"href":"http:\/\/www.mcmotylek.cz\/index.php?rest_route=%2Fwp%2Fv2%2Fcomments&post=6450"}],"version-history":[{"count":1,"href":"http:\/\/www.mcmotylek.cz\/index.php?rest_route=\/wp\/v2\/posts\/6450\/revisions"}],"predecessor-version":[{"id":6453,"href":"http:\/\/www.mcmotylek.cz\/index.php?rest_route=\/wp\/v2\/posts\/6450\/revisions\/6453"}],"wp:attachment":[{"href":"http:\/\/www.mcmotylek.cz\/index.php?rest_route=%2Fwp%2Fv2%2Fmedia&parent=6450"}],"wp:term":[{"taxonomy":"category","embeddable":true,"href":"http:\/\/www.mcmotylek.cz\/index.php?rest_route=%2Fwp%2Fv2%2Fcategories&post=6450"},{"taxonomy":"post_tag","embeddable":true,"href":"http:\/\/www.mcmotylek.cz\/index.php?rest_route=%2Fwp%2Fv2%2Ftags&post=6450"}],"curies":[{"name":"wp","href":"https:\/\/api.w.org\/{rel}","templated":true}]}}