{"id":6454,"date":"2018-09-26T19:20:04","date_gmt":"2018-09-26T18:20:04","guid":{"rendered":"http:\/\/www.mcmotylek.cz\/?p=6454"},"modified":"2018-09-26T19:20:04","modified_gmt":"2018-09-26T18:20:04","slug":"tvoreni-27-9-jezecek","status":"publish","type":"post","link":"http:\/\/www.mcmotylek.cz\/?p=6454","title":{"rendered":"Tvo\u0159en\u00ed 27.9. JE\u017dE\u010cEK"},"content":{"rendered":"<p>V\u00e1\u017een\u00ed rodi\u010de!<\/p>\n<p>Ve \u010dtvrtek 27.9. od 14.30 si p\u0159i tvo\u0159en\u00ed ud\u011bl\u00e1me je\u017ee\u010dky.<\/p>\n<p>Budeme na \u0161ablony je\u017eka lepit bodliny, jabl\u00ed\u010dka a houbi\u010dky.<\/p>\n<p>T\u011b\u0161it se na V\u00e1s bude Katka s Ani\u010dkou a Ad\u00e1mkem \ud83d\ude42<\/p>\n<p><img loading=\"lazy\" class=\"alignnone size-medium wp-image-6455\" src=\"http:\/\/www.mcmotylek.cz\/wp-content\/uploads\/2018\/09\/iPiccy-collage-242x300.jpg\" alt=\"\" width=\"242\" height=\"300\" srcset=\"http:\/\/www.mcmotylek.cz\/wp-content\/uploads\/2018\/09\/iPiccy-collage-242x300.jpg 242w, http:\/\/www.mcmotylek.cz\/wp-content\/uploads\/2018\/09\/iPiccy-collage-768x953.jpg 768w, http:\/\/www.mcmotylek.cz\/wp-content\/uploads\/2018\/09\/iPiccy-collage-825x1024.jpg 825w, http:\/\/www.mcmotylek.cz\/wp-content\/uploads\/2018\/09\/iPiccy-collage.jpg 1612w\" sizes=\"(max-width: 242px) 100vw, 242px\" \/><\/p>\n","protected":false},"excerpt":{"rendered":"<p>V\u00e1\u017een\u00ed rodi\u010de! Ve \u010dtvrtek 27.9. od 14.30 si p\u0159i tvo\u0159en\u00ed ud\u011bl\u00e1me je\u017ee\u010dky. Budeme na \u0161ablony je\u017eka lepit bodliny, jabl\u00ed\u010dka a houbi\u010dky. T\u011b\u0161it se na V\u00e1s bude Katka s Ani\u010dkou a Ad\u00e1mkem \ud83d\ude42<\/p>\n","protected":false},"author":31,"featured_media":0,"comment_status":"open","ping_status":"open","sticky":true,"template":"","format":"standard","meta":{"ngg_post_thumbnail":0},"categories":[134,35],"tags":[],"post_mailing_queue_ids":[],"_links":{"self":[{"href":"http:\/\/www.mcmotylek.cz\/index.php?rest_route=\/wp\/v2\/posts\/6454"}],"collection":[{"href":"http:\/\/www.mcmotylek.cz\/index.php?rest_route=\/wp\/v2\/posts"}],"about":[{"href":"http:\/\/www.mcmotylek.cz\/index.php?rest_route=\/wp\/v2\/types\/post"}],"author":[{"embeddable":true,"href":"http:\/\/www.mcmotylek.cz\/index.php?rest_route=\/wp\/v2\/users\/31"}],"replies":[{"embeddable":true,"href":"http:\/\/www.mcmotylek.cz\/index.php?rest_route=%2Fwp%2Fv2%2Fcomments&post=6454"}],"version-history":[{"count":2,"href":"http:\/\/www.mcmotylek.cz\/index.php?rest_route=\/wp\/v2\/posts\/6454\/revisions"}],"predecessor-version":[{"id":6457,"href":"http:\/\/www.mcmotylek.cz\/index.php?rest_route=\/wp\/v2\/posts\/6454\/revisions\/6457"}],"wp:attachment":[{"href":"http:\/\/www.mcmotylek.cz\/index.php?rest_route=%2Fwp%2Fv2%2Fmedia&parent=6454"}],"wp:term":[{"taxonomy":"category","embeddable":true,"href":"http:\/\/www.mcmotylek.cz\/index.php?rest_route=%2Fwp%2Fv2%2Fcategories&post=6454"},{"taxonomy":"post_tag","embeddable":true,"href":"http:\/\/www.mcmotylek.cz\/index.php?rest_route=%2Fwp%2Fv2%2Ftags&post=6454"}],"curies":[{"name":"wp","href":"https:\/\/api.w.org\/{rel}","templated":true}]}}