{"id":6461,"date":"2018-09-30T16:00:59","date_gmt":"2018-09-30T15:00:59","guid":{"rendered":"http:\/\/www.mcmotylek.cz\/?p=6461"},"modified":"2018-09-30T16:00:59","modified_gmt":"2018-09-30T15:00:59","slug":"sraz-nosicich-rodicu-spojeny-s-bazarkem-nosicich-potreb-ut-2-10","status":"publish","type":"post","link":"http:\/\/www.mcmotylek.cz\/?p=6461","title":{"rendered":"Sraz nos\u00edc\u00edch rodi\u010d\u016f spojen\u00fd s baz\u00e1rkem nos\u00edc\u00edch pot\u0159eb (\u00fat 2.10.)"},"content":{"rendered":"<h3><span style=\"color: #0000ff;\">V\u00e1\u017een\u00ed rodi\u010de.<\/span><\/h3>\n<h3><span style=\"color: #0000ff;\">Srde\u010dn\u011b V\u00e1s zveme na SRAZ NOS\u00cdC\u00cdCH RODI\u010c\u016e spojen\u00fd s BAZ\u00c1RKEM NOS\u00cdC\u00cdCH POT\u0158EB.<\/span><\/h3>\n<h1><span style=\"color: #0000ff;\">Kon\u00e1 se <span style=\"color: #ff0000;\">v \u00fater\u00fd 2. \u0159\u00edjna od 15.00<\/span> v prostor\u00e1ch MC Mot\u00fdlek.<\/span><\/h1>\n<h3><span style=\"color: #0000ff;\">P\u0159ij\u010fte, pokud se chcete o no\u0161en\u00ed d\u011bt\u00ed n\u011bco dozv\u011bd\u011bt, prohl\u00e9dnout si \u0161\u00e1tky, nos\u00edtka, oble\u010den\u00ed \u010di pokud chcete jen tak pob\u00fdt mezi podobn\u011b nalad\u011bn\u00fdmi lidmi.<\/span><\/h3>\n<h3><span style=\"color: #0000ff;\">Bude nachyst\u00e1no drobn\u00e9 ob\u010derstven\u00ed a je taky mo\u017enost d\u00e1t si u n\u00e1s k\u00e1vu nebo \u010daj.<\/span><\/h3>\n<h3><span style=\"color: #808000;\">Jestli chcete n\u011bco prodat, tak pouze:<\/span><\/h3>\n<ul>\n<li>\n<h3><span style=\"color: #808000;\"><em>\u0161\u00e1tky<\/em><\/span><\/h3>\n<\/li>\n<li>\n<h3><span style=\"color: #808000;\"><em>nos\u00edtka<\/em><\/span><\/h3>\n<\/li>\n<li>\n<h3><span style=\"color: #808000;\"><em>oble\u010den\u00ed<\/em><\/span><\/h3>\n<ul>\n<li>\n<h3><span style=\"color: #808000;\"><em>bundy, kab\u00e1ty<\/em><\/span><\/h3>\n<\/li>\n<li>\n<h3><span style=\"color: #808000;\"><em>vsadky<\/em><\/span><\/h3>\n<\/li>\n<li>\n<h3><span style=\"color: #808000;\"><em>nos\u00edc\u00ed kapsy<\/em><\/span><\/h3>\n<\/li>\n<li>\n<h3><span style=\"color: #808000;\"><em>funk\u010dn\u00ed oble\u010den\u00ed-nap\u0159. merino<\/em><\/span><\/h3>\n<\/li>\n<\/ul>\n<\/li>\n<li>\n<h3><span style=\"color: #808000;\"><em>v\u00fdrobky ze \u0161\u00e1tk\u016f&#8230;<\/em><\/span><\/h3>\n<\/li>\n<\/ul>\n","protected":false},"excerpt":{"rendered":"<p>V\u00e1\u017een\u00ed rodi\u010de. Srde\u010dn\u011b V\u00e1s zveme na SRAZ NOS\u00cdC\u00cdCH RODI\u010c\u016e spojen\u00fd s BAZ\u00c1RKEM NOS\u00cdC\u00cdCH POT\u0158EB. Kon\u00e1 se v \u00fater\u00fd 2. \u0159\u00edjna od 15.00 v prostor\u00e1ch MC Mot\u00fdlek. P\u0159ij\u010fte, pokud se chcete o no\u0161en\u00ed d\u011bt\u00ed n\u011bco dozv\u011bd\u011bt, prohl\u00e9dnout si \u0161\u00e1tky, nos\u00edtka, oble\u010den\u00ed \u010di pokud chcete jen tak pob\u00fdt mezi podobn\u011b nalad\u011bn\u00fdmi lidmi. Bude nachyst\u00e1no drobn\u00e9 ob\u010derstven\u00ed a [&hellip;]<\/p>\n","protected":false},"author":31,"featured_media":0,"comment_status":"open","ping_status":"open","sticky":true,"template":"","format":"standard","meta":{"ngg_post_thumbnail":0},"categories":[3,1,134],"tags":[122,128],"post_mailing_queue_ids":[],"_links":{"self":[{"href":"http:\/\/www.mcmotylek.cz\/index.php?rest_route=\/wp\/v2\/posts\/6461"}],"collection":[{"href":"http:\/\/www.mcmotylek.cz\/index.php?rest_route=\/wp\/v2\/posts"}],"about":[{"href":"http:\/\/www.mcmotylek.cz\/index.php?rest_route=\/wp\/v2\/types\/post"}],"author":[{"embeddable":true,"href":"http:\/\/www.mcmotylek.cz\/index.php?rest_route=\/wp\/v2\/users\/31"}],"replies":[{"embeddable":true,"href":"http:\/\/www.mcmotylek.cz\/index.php?rest_route=%2Fwp%2Fv2%2Fcomments&post=6461"}],"version-history":[{"count":4,"href":"http:\/\/www.mcmotylek.cz\/index.php?rest_route=\/wp\/v2\/posts\/6461\/revisions"}],"predecessor-version":[{"id":6465,"href":"http:\/\/www.mcmotylek.cz\/index.php?rest_route=\/wp\/v2\/posts\/6461\/revisions\/6465"}],"wp:attachment":[{"href":"http:\/\/www.mcmotylek.cz\/index.php?rest_route=%2Fwp%2Fv2%2Fmedia&parent=6461"}],"wp:term":[{"taxonomy":"category","embeddable":true,"href":"http:\/\/www.mcmotylek.cz\/index.php?rest_route=%2Fwp%2Fv2%2Fcategories&post=6461"},{"taxonomy":"post_tag","embeddable":true,"href":"http:\/\/www.mcmotylek.cz\/index.php?rest_route=%2Fwp%2Fv2%2Ftags&post=6461"}],"curies":[{"name":"wp","href":"https:\/\/api.w.org\/{rel}","templated":true}]}}