{"id":6476,"date":"2018-10-08T12:24:21","date_gmt":"2018-10-08T11:24:21","guid":{"rendered":"http:\/\/www.mcmotylek.cz\/?p=6476"},"modified":"2018-10-08T12:24:21","modified_gmt":"2018-10-08T11:24:21","slug":"drakiada-v-sobotu-13-10-od-15h","status":"publish","type":"post","link":"http:\/\/www.mcmotylek.cz\/?p=6476","title":{"rendered":"DRAKI\u00c1DA v sobotu 13.10. od 15h"},"content":{"rendered":"<h2>V\u00e1\u017een\u00ed rodi\u010de,<\/h2>\n<h2>srde\u010dn\u011b V\u00e1s zveme na DRAKI\u00c1DU<\/h2>\n<h1><span style=\"color: #ff0000;\">v sobotu 13. \u0159\u00edjna 2018<\/span><\/h1>\n<h1><span style=\"color: #ff0000;\">od 15h<\/span><\/h1>\n<h1><span style=\"color: #ff0000;\">na louce pod lesem za M\u0160 v T\u00fdnci<\/span><\/h1>\n<h2><img loading=\"lazy\" class=\"alignnone size-full wp-image-6478\" src=\"http:\/\/www.mcmotylek.cz\/wp-content\/uploads\/2018\/10\/draki\u00e1da.png\" alt=\"\" width=\"263\" height=\"191\" \/><\/h2>\n<h2>program:<\/h2>\n<ul>\n<li>\n<h2><span style=\"color: #800000;\">15.00 &#8211; 15.15<\/span> p\u0159ihla\u0161ov\u00e1n\u00ed z\u00e1vodn\u00edk\u016f u ohn\u011b<\/h2>\n<\/li>\n<li>\n<h2><span style=\"color: #800000;\">15.30<\/span> start z\u00e1vodu &#8222;O Draka, kter\u00fd l\u00e9t\u00e1 nejd\u00e9le&#8220;<\/h2>\n<\/li>\n<li>\n<h2><span style=\"color: #800000;\">16.30<\/span> vyhl\u00e1\u0161en\u00ed v\u00fdsledk\u016f z\u00e1vodu a ud\u00edlen\u00ed cen<\/h2>\n<\/li>\n<\/ul>\n<h2><\/h2>\n<h2>V pr\u016fb\u011bhu odpoledne je k dispozici ohe\u0148 k pe\u010den\u00ed bu\u0159t\u016f<\/h2>\n<h2><\/h2>\n<h2><span style=\"color: #800000;\">S SEBOU:<\/span> DRAKA, v\u011bci k op\u00e9k\u00e1n\u00ed bu\u0159t\u016f (bu\u0159t\u00edky, chleba, ho\u0159\u010dici,&#8230;)<\/h2>\n<h2><span style=\"color: #800000;\">STARTOVN\u00c9:<\/span> 30K\u010d (p\u0159\u00edsp\u011bvek na ceny pro d\u011bti)<\/h2>\n<h2><\/h2>\n<h2>Dal\u0161\u00ed informace: <span style=\"color: #0000ff;\">Katka Voj\u00ed\u0159ov\u00e1 792 317 692<\/span><\/h2>\n<h2>P\u0159i nep\u0159\u00edzniv\u00e9m po\u010das\u00ed se akce ru\u0161\u00ed<\/h2>\n","protected":false},"excerpt":{"rendered":"<p>V\u00e1\u017een\u00ed rodi\u010de, srde\u010dn\u011b V\u00e1s zveme na DRAKI\u00c1DU v sobotu 13. \u0159\u00edjna 2018 od 15h na louce pod lesem za M\u0160 v T\u00fdnci program: 15.00 &#8211; 15.15 p\u0159ihla\u0161ov\u00e1n\u00ed z\u00e1vodn\u00edk\u016f u ohn\u011b 15.30 start z\u00e1vodu &#8222;O Draka, kter\u00fd l\u00e9t\u00e1 nejd\u00e9le&#8220; 16.30 vyhl\u00e1\u0161en\u00ed v\u00fdsledk\u016f z\u00e1vodu a ud\u00edlen\u00ed cen V pr\u016fb\u011bhu odpoledne je k dispozici ohe\u0148 k pe\u010den\u00ed bu\u0159t\u016f [&hellip;]<\/p>\n","protected":false},"author":31,"featured_media":0,"comment_status":"open","ping_status":"open","sticky":true,"template":"","format":"standard","meta":{"ngg_post_thumbnail":0},"categories":[3,134],"tags":[152,149,151,150],"post_mailing_queue_ids":[],"_links":{"self":[{"href":"http:\/\/www.mcmotylek.cz\/index.php?rest_route=\/wp\/v2\/posts\/6476"}],"collection":[{"href":"http:\/\/www.mcmotylek.cz\/index.php?rest_route=\/wp\/v2\/posts"}],"about":[{"href":"http:\/\/www.mcmotylek.cz\/index.php?rest_route=\/wp\/v2\/types\/post"}],"author":[{"embeddable":true,"href":"http:\/\/www.mcmotylek.cz\/index.php?rest_route=\/wp\/v2\/users\/31"}],"replies":[{"embeddable":true,"href":"http:\/\/www.mcmotylek.cz\/index.php?rest_route=%2Fwp%2Fv2%2Fcomments&post=6476"}],"version-history":[{"count":2,"href":"http:\/\/www.mcmotylek.cz\/index.php?rest_route=\/wp\/v2\/posts\/6476\/revisions"}],"predecessor-version":[{"id":6479,"href":"http:\/\/www.mcmotylek.cz\/index.php?rest_route=\/wp\/v2\/posts\/6476\/revisions\/6479"}],"wp:attachment":[{"href":"http:\/\/www.mcmotylek.cz\/index.php?rest_route=%2Fwp%2Fv2%2Fmedia&parent=6476"}],"wp:term":[{"taxonomy":"category","embeddable":true,"href":"http:\/\/www.mcmotylek.cz\/index.php?rest_route=%2Fwp%2Fv2%2Fcategories&post=6476"},{"taxonomy":"post_tag","embeddable":true,"href":"http:\/\/www.mcmotylek.cz\/index.php?rest_route=%2Fwp%2Fv2%2Ftags&post=6476"}],"curies":[{"name":"wp","href":"https:\/\/api.w.org\/{rel}","templated":true}]}}