{"id":6498,"date":"2018-10-21T22:48:40","date_gmt":"2018-10-21T21:48:40","guid":{"rendered":"http:\/\/www.mcmotylek.cz\/?p=6498"},"modified":"2018-10-21T22:48:40","modified_gmt":"2018-10-21T21:48:40","slug":"putovani-za-svetylky-2-11-2018-od-18-00-hodin","status":"publish","type":"post","link":"http:\/\/www.mcmotylek.cz\/?p=6498","title":{"rendered":"Putov\u00e1n\u00ed za sv\u011bt\u00fdlky 2.11.2018 od 18.00 hodin"},"content":{"rendered":"<h3><span style=\"color: #0000ff;\">Zveme v\u00e1s na tradi\u010dn\u00ed ve\u010dern\u00ed bojovku s n\u00e1zvem<\/span><\/h3>\n<h1><span style=\"color: #ff0000;\">VE\u010cERN\u00cd PUTOV\u00c1N\u00cd ZA SV\u011aT\u00ddLKY<\/span><\/h1>\n<h2><span style=\"color: #0000ff;\"><span style=\"color: #ff0000;\">p\u00e1tek 2.11.2018 od 18.00 hod.<\/span><img loading=\"lazy\" class=\"alignright wp-image-4965 size-thumbnail\" src=\"http:\/\/www.mcmotylek.cz\/wp-content\/uploads\/2016\/10\/sv\u011bt\u00fdlka-e1476823502674-150x150.jpg\" alt=\"svetylka\" width=\"150\" height=\"150\" \/><\/span><\/h2>\n<h2><span style=\"color: #0000ff;\">Sraz je u lesa za M\u0160, odkud spole\u010dn\u011b p\u016fjdeme na poh\u00e1dkovou stezku se sv\u011bt\u00fdlky.<\/span><\/h2>\n<h3><span style=\"color: #0000ff;\">Ka\u017ed\u00fd odv\u00e1\u017en\u00fd \u00fa\u010dastn\u00edk obdr\u017e\u00ed malou odm\u011bnu:-)<\/span><\/h3>\n<h3><span style=\"color: #0000ff;\">S sebou si vezm\u011bte tepl\u00e9 oble\u010den\u00ed a baterku!<\/span><\/h3>\n<h3><span style=\"color: #0000ff;\">Vstupn\u00e9 30,-K\u010d za d\u00edt\u011b, pro \u010dleny MC 20,-K\u010d.<\/span><\/h3>\n<h3><span style=\"color: #0000ff;\">Kontakt: Katka Pikousov\u00e1, tel. 602 633 410, <a class=\"linkification-ext\" title=\"Linkification: mailto:info@mcmotylek.cz\">info@mcmotylek.cz<\/a><\/span><\/h3>\n","protected":false},"excerpt":{"rendered":"<p>Zveme v\u00e1s na tradi\u010dn\u00ed ve\u010dern\u00ed bojovku s n\u00e1zvem VE\u010cERN\u00cd PUTOV\u00c1N\u00cd ZA SV\u011aT\u00ddLKY p\u00e1tek 2.11.2018 od 18.00 hod. Sraz je u lesa za M\u0160, odkud spole\u010dn\u011b p\u016fjdeme na poh\u00e1dkovou stezku se sv\u011bt\u00fdlky. Ka\u017ed\u00fd odv\u00e1\u017en\u00fd \u00fa\u010dastn\u00edk obdr\u017e\u00ed malou odm\u011bnu:-) S sebou si vezm\u011bte tepl\u00e9 oble\u010den\u00ed a baterku! Vstupn\u00e9 30,-K\u010d za d\u00edt\u011b, pro \u010dleny MC 20,-K\u010d. Kontakt: Katka [&hellip;]<\/p>\n","protected":false},"author":29,"featured_media":0,"comment_status":"open","ping_status":"open","sticky":true,"template":"","format":"standard","meta":{"ngg_post_thumbnail":0},"categories":[3,134],"tags":[91],"post_mailing_queue_ids":[],"_links":{"self":[{"href":"http:\/\/www.mcmotylek.cz\/index.php?rest_route=\/wp\/v2\/posts\/6498"}],"collection":[{"href":"http:\/\/www.mcmotylek.cz\/index.php?rest_route=\/wp\/v2\/posts"}],"about":[{"href":"http:\/\/www.mcmotylek.cz\/index.php?rest_route=\/wp\/v2\/types\/post"}],"author":[{"embeddable":true,"href":"http:\/\/www.mcmotylek.cz\/index.php?rest_route=\/wp\/v2\/users\/29"}],"replies":[{"embeddable":true,"href":"http:\/\/www.mcmotylek.cz\/index.php?rest_route=%2Fwp%2Fv2%2Fcomments&post=6498"}],"version-history":[{"count":1,"href":"http:\/\/www.mcmotylek.cz\/index.php?rest_route=\/wp\/v2\/posts\/6498\/revisions"}],"predecessor-version":[{"id":6499,"href":"http:\/\/www.mcmotylek.cz\/index.php?rest_route=\/wp\/v2\/posts\/6498\/revisions\/6499"}],"wp:attachment":[{"href":"http:\/\/www.mcmotylek.cz\/index.php?rest_route=%2Fwp%2Fv2%2Fmedia&parent=6498"}],"wp:term":[{"taxonomy":"category","embeddable":true,"href":"http:\/\/www.mcmotylek.cz\/index.php?rest_route=%2Fwp%2Fv2%2Fcategories&post=6498"},{"taxonomy":"post_tag","embeddable":true,"href":"http:\/\/www.mcmotylek.cz\/index.php?rest_route=%2Fwp%2Fv2%2Ftags&post=6498"}],"curies":[{"name":"wp","href":"https:\/\/api.w.org\/{rel}","templated":true}]}}