{"id":6715,"date":"2018-11-18T17:39:27","date_gmt":"2018-11-18T16:39:27","guid":{"rendered":"http:\/\/www.mcmotylek.cz\/?p=6715"},"modified":"2018-11-18T17:39:27","modified_gmt":"2018-11-18T16:39:27","slug":"kurz-siti-pro-zacatecniky-25-11-2018","status":"publish","type":"post","link":"http:\/\/www.mcmotylek.cz\/?p=6715","title":{"rendered":"KURZ \u0160IT\u00cd PRO ZA\u010c\u00c1TE\u010cN\u00cdKY 25.11.2018"},"content":{"rendered":"<p><span style=\"color: #ff0000;\">JI\u017d SE TO BL\u00cd\u017d\u00cd, P\u0158\u00cd\u0160T\u00cd NED\u011aLI SE KON\u00c1 PRVN\u00cd&#8230;\u2026\u2026\u2026\u2026\u2026..<\/span><\/p>\n<h2><span style=\"color: #3366ff;\"><strong>KURZ \u0160IT\u00cd PRO ZA\u010c\u00c1TE\u010cN\u00cdKY ANEB U\u0160IJEME SI V\u00c1NO\u010cN\u00cd PUN\u010cOCHU<\/strong><\/span><\/h2>\n<h2><span style=\"color: #ff0000;\"><strong>Ned\u011ble 25. 11.2018 od 19:30 hodin<\/strong><\/span><\/h2>\n<p><span style=\"color: #ff0000;\"><strong>Sezn\u00e1men\u00ed se s \u0161ic\u00edm strojem a z\u00e1klady jeho pou\u017e\u00edv\u00e1n\u00ed<\/strong><\/span><\/p>\n<p><span style=\"color: #ff0000;\"><strong>U\u0161ijeme si prvn\u00ed v\u00fdrobek \u2013 v\u00e1no\u010dn\u00ed pun\u010dochu<\/strong><\/span><\/p>\n<p><span style=\"color: #3366ff;\">M\u00c1ME POSLEDN\u00cd VOLN\u00c1 M\u00cdSTA, KDO M\u00c1 Z\u00c1JEM NECHTE SE P\u0158IHL\u00c1S\u00cd CO NEJD\u0158\u00cdVE<\/span><\/p>\n<p><span style=\"color: #ff0000;\">Kontakt a rezervace: info@mcmotylek.cz nebo Katka Pikousov\u00e1 602\u00a0633 410<\/span><\/p>\n","protected":false},"excerpt":{"rendered":"<p>JI\u017d SE TO BL\u00cd\u017d\u00cd, P\u0158\u00cd\u0160T\u00cd NED\u011aLI SE KON\u00c1 PRVN\u00cd&#8230;\u2026\u2026\u2026\u2026\u2026.. KURZ \u0160IT\u00cd PRO ZA\u010c\u00c1TE\u010cN\u00cdKY ANEB U\u0160IJEME SI V\u00c1NO\u010cN\u00cd PUN\u010cOCHU Ned\u011ble 25. 11.2018 od 19:30 hodin Sezn\u00e1men\u00ed se s \u0161ic\u00edm strojem a z\u00e1klady jeho pou\u017e\u00edv\u00e1n\u00ed U\u0161ijeme si prvn\u00ed v\u00fdrobek \u2013 v\u00e1no\u010dn\u00ed pun\u010dochu M\u00c1ME POSLEDN\u00cd VOLN\u00c1 M\u00cdSTA, KDO M\u00c1 Z\u00c1JEM NECHTE SE P\u0158IHL\u00c1S\u00cd CO NEJD\u0158\u00cdVE Kontakt a rezervace: [&hellip;]<\/p>\n","protected":false},"author":29,"featured_media":0,"comment_status":"open","ping_status":"open","sticky":true,"template":"","format":"standard","meta":{"ngg_post_thumbnail":0},"categories":[3,134],"tags":[91],"post_mailing_queue_ids":[],"_links":{"self":[{"href":"http:\/\/www.mcmotylek.cz\/index.php?rest_route=\/wp\/v2\/posts\/6715"}],"collection":[{"href":"http:\/\/www.mcmotylek.cz\/index.php?rest_route=\/wp\/v2\/posts"}],"about":[{"href":"http:\/\/www.mcmotylek.cz\/index.php?rest_route=\/wp\/v2\/types\/post"}],"author":[{"embeddable":true,"href":"http:\/\/www.mcmotylek.cz\/index.php?rest_route=\/wp\/v2\/users\/29"}],"replies":[{"embeddable":true,"href":"http:\/\/www.mcmotylek.cz\/index.php?rest_route=%2Fwp%2Fv2%2Fcomments&post=6715"}],"version-history":[{"count":1,"href":"http:\/\/www.mcmotylek.cz\/index.php?rest_route=\/wp\/v2\/posts\/6715\/revisions"}],"predecessor-version":[{"id":6716,"href":"http:\/\/www.mcmotylek.cz\/index.php?rest_route=\/wp\/v2\/posts\/6715\/revisions\/6716"}],"wp:attachment":[{"href":"http:\/\/www.mcmotylek.cz\/index.php?rest_route=%2Fwp%2Fv2%2Fmedia&parent=6715"}],"wp:term":[{"taxonomy":"category","embeddable":true,"href":"http:\/\/www.mcmotylek.cz\/index.php?rest_route=%2Fwp%2Fv2%2Fcategories&post=6715"},{"taxonomy":"post_tag","embeddable":true,"href":"http:\/\/www.mcmotylek.cz\/index.php?rest_route=%2Fwp%2Fv2%2Ftags&post=6715"}],"curies":[{"name":"wp","href":"https:\/\/api.w.org\/{rel}","templated":true}]}}