{"id":6720,"date":"2018-11-20T09:47:00","date_gmt":"2018-11-20T08:47:00","guid":{"rendered":"http:\/\/www.mcmotylek.cz\/?p=6720"},"modified":"2018-11-20T09:47:00","modified_gmt":"2018-11-20T08:47:00","slug":"vyroba-adventnich-dekoraci-27-11-od-19-hodin","status":"publish","type":"post","link":"http:\/\/www.mcmotylek.cz\/?p=6720","title":{"rendered":"V\u00fdroba adventn\u00edch dekorac\u00ed  27.11. od 19 hodin"},"content":{"rendered":"<p align=\"center\">Zveme v\u00e1s na<\/p>\n<p align=\"center\">V\u00fdrobu adventn\u00edch dekorac\u00ed<\/p>\n<p align=\"center\"><span lang=\"EN-US\" style=\"margin: 0px; color: #1f497d; line-height: 150%; font-family: 'Arial Black','sans-serif'; font-size: 22pt;\">v \u00fater\u00fd 27.11.2018 19-21hod.<\/span><\/p>\n<p align=\"center\"><span lang=\"EN-US\" style=\"margin: 0px; color: #00b050; line-height: 150%; font-family: 'Comic Sans MS'; font-size: 20pt;\">Maminky, p\u0159ij\u010fte s n\u00e1mi do Mot\u00fdlku <\/span><\/p>\n<p align=\"center\"><span lang=\"EN-US\" style=\"margin: 0px; color: #00b050; line-height: 150%; font-family: 'Comic Sans MS'; font-size: 20pt;\">str\u00e1vit p\u0159\u00edjemn\u00fd p\u0159edv\u00e1no\u010dn\u00ed \u010das, spole\u010dn\u011b vytvo\u0159it v\u00fdrobky s V\u00e1no\u010dn\u00ed t\u00e9matikou, <\/span><\/p>\n<p align=\"center\"><span lang=\"EN-US\" style=\"margin: 0px; color: #00b050; line-height: 150%; font-family: 'Comic Sans MS'; font-size: 20pt;\">nas\u00e1t\u00a0 atmosf\u00e9ru bl\u00ed\u017e\u00edc\u00edho se <u>ADVENTU. <\/u><\/span><\/p>\n<p><span lang=\"EN-US\" style=\"margin: 0px; color: #00b050; line-height: 115%; font-family: 'Comic Sans MS'; font-size: 16pt;\">\u00a0\u00a0\u00a0\u00a0\u00a0\u00a0\u00a0\u00a0\u00a0\u00a0\u00a0 V\u00fdrobky si pak odnesete sebou dom\u016f, k\u00e1va i \u010daj v cen\u011b<\/span><\/p>\n<p align=\"center\"><span lang=\"EN-US\" style=\"margin: 0px; color: #00b050; line-height: 150%; font-family: 'Comic Sans MS'; font-size: 14pt;\">Vstupn\u00e9: 50K\u010d\/ na dekorace<\/span><\/p>\n<p><span lang=\"EN-US\" style=\"margin: 0px; color: #00b050; line-height: 150%; font-family: 'Comic Sans MS'; font-size: 11pt;\">\u00a0\u00a0\u00a0\u00a0\u00a0\u00a0\u00a0\u00a0\u00a0\u00a0\u00a0\u00a0\u00a0\u00a0\u00a0\u00a0\u00a0\u00a0\u00a0\u00a0\u00a0\u00a0\u00a0\u00a0\u00a0\u00a0\u00a0\u00a0\u00a0\u00a0\u00a0\u00a0\u00a0\u00a0\u00a0\u00a0\u00a0\u00a0\u00a0\u00a0\u00a0\u00a0\u00a0\u00a0\u00a0\u00a0\u00a0 <\/span><\/p>\n<p><span lang=\"EN-US\" style=\"margin: 0px; color: #00b050; line-height: 150%; font-family: 'Comic Sans MS'; font-size: 11pt;\">Kontakt: M\u00ed\u0161a Be\u0161\u0165\u00e1kov\u00e1, <\/span><span lang=\"EN-US\">734126251,<\/span><span lang=\"EN-US\" style=\"margin: 0px; color: #00b050; line-height: 150%; font-family: 'Comic Sans MS'; font-size: 11pt;\"> info@mcmotylek.cz<\/span><\/p>\n<p>&nbsp;<\/p>\n","protected":false},"excerpt":{"rendered":"<p>Zveme v\u00e1s na V\u00fdrobu adventn\u00edch dekorac\u00ed v \u00fater\u00fd 27.11.2018 19-21hod. Maminky, p\u0159ij\u010fte s n\u00e1mi do Mot\u00fdlku str\u00e1vit p\u0159\u00edjemn\u00fd p\u0159edv\u00e1no\u010dn\u00ed \u010das, spole\u010dn\u011b vytvo\u0159it v\u00fdrobky s V\u00e1no\u010dn\u00ed t\u00e9matikou, nas\u00e1t\u00a0 atmosf\u00e9ru bl\u00ed\u017e\u00edc\u00edho se ADVENTU. \u00a0\u00a0\u00a0\u00a0\u00a0\u00a0\u00a0\u00a0\u00a0\u00a0\u00a0 V\u00fdrobky si pak odnesete sebou dom\u016f, k\u00e1va i \u010daj v cen\u011b Vstupn\u00e9: 50K\u010d\/ na dekorace \u00a0\u00a0\u00a0\u00a0\u00a0\u00a0\u00a0\u00a0\u00a0\u00a0\u00a0\u00a0\u00a0\u00a0\u00a0\u00a0\u00a0\u00a0\u00a0\u00a0\u00a0\u00a0\u00a0\u00a0\u00a0\u00a0\u00a0\u00a0\u00a0\u00a0\u00a0\u00a0\u00a0\u00a0\u00a0\u00a0\u00a0\u00a0\u00a0\u00a0\u00a0\u00a0\u00a0\u00a0\u00a0\u00a0\u00a0 Kontakt: M\u00ed\u0161a Be\u0161\u0165\u00e1kov\u00e1, 734126251, info@mcmotylek.cz &nbsp;<\/p>\n","protected":false},"author":29,"featured_media":0,"comment_status":"open","ping_status":"open","sticky":true,"template":"","format":"standard","meta":{"ngg_post_thumbnail":0},"categories":[3,134],"tags":[],"post_mailing_queue_ids":[],"_links":{"self":[{"href":"http:\/\/www.mcmotylek.cz\/index.php?rest_route=\/wp\/v2\/posts\/6720"}],"collection":[{"href":"http:\/\/www.mcmotylek.cz\/index.php?rest_route=\/wp\/v2\/posts"}],"about":[{"href":"http:\/\/www.mcmotylek.cz\/index.php?rest_route=\/wp\/v2\/types\/post"}],"author":[{"embeddable":true,"href":"http:\/\/www.mcmotylek.cz\/index.php?rest_route=\/wp\/v2\/users\/29"}],"replies":[{"embeddable":true,"href":"http:\/\/www.mcmotylek.cz\/index.php?rest_route=%2Fwp%2Fv2%2Fcomments&post=6720"}],"version-history":[{"count":1,"href":"http:\/\/www.mcmotylek.cz\/index.php?rest_route=\/wp\/v2\/posts\/6720\/revisions"}],"predecessor-version":[{"id":6721,"href":"http:\/\/www.mcmotylek.cz\/index.php?rest_route=\/wp\/v2\/posts\/6720\/revisions\/6721"}],"wp:attachment":[{"href":"http:\/\/www.mcmotylek.cz\/index.php?rest_route=%2Fwp%2Fv2%2Fmedia&parent=6720"}],"wp:term":[{"taxonomy":"category","embeddable":true,"href":"http:\/\/www.mcmotylek.cz\/index.php?rest_route=%2Fwp%2Fv2%2Fcategories&post=6720"},{"taxonomy":"post_tag","embeddable":true,"href":"http:\/\/www.mcmotylek.cz\/index.php?rest_route=%2Fwp%2Fv2%2Ftags&post=6720"}],"curies":[{"name":"wp","href":"https:\/\/api.w.org\/{rel}","templated":true}]}}