{"id":6935,"date":"2019-02-06T14:18:07","date_gmt":"2019-02-06T13:18:07","guid":{"rendered":"http:\/\/www.mcmotylek.cz\/?p=6935"},"modified":"2019-02-05T14:23:17","modified_gmt":"2019-02-05T13:23:17","slug":"plan-akci-jaro-2019","status":"publish","type":"post","link":"http:\/\/www.mcmotylek.cz\/?p=6935","title":{"rendered":"Pl\u00e1n akc\u00ed JARO 2019"},"content":{"rendered":"\n<p class=\"has-background has-medium-font-size has-pale-pink-background-color\"> 17.3. &#8211; NED\u011aLE <br \/>(9.00 \u2013 13.00)<br \/><strong>Baz\u00e1rek\/Ble\u0161\u00e1k <\/strong><br \/>v prostor\u00e1ch M\u011bstsk\u00e9ho \u00fa\u0159adu T\u00fdnec n. S\u00e1z.<\/p>\n\n\n\n<p class=\"has-background has-medium-font-size has-vivid-green-cyan-background-color\">23. 3. \u2013 SOBOTA <br \/>(16.00 \u2013 18.00)<br \/><strong>V\u00fdchova bez pora\u017een\u00fdch<\/strong><br \/> p\u0159edn\u00e1\u0161ka v MC Mot\u00fdlek<\/p>\n\n\n\n<p class=\"has-background has-medium-font-size has-pale-cyan-blue-background-color\">14. 4. \u2013 NED\u011aLE <br \/>(14.30 \u2013 17.00) <br \/><strong>Pir\u00e1tsk\u00e1 stezka<\/strong><br \/>venkovn\u00ed bojovka<\/p>\n\n\n\n<p class=\"has-background has-medium-font-size has-cyan-bluish-gray-background-color\">10. 5. &#8211; P\u00c1TEK <br \/>(18.00 \u2013 20.00)<br \/><strong>Bojovka na hrad\u011b<\/strong><\/p>\n\n\n\n<p class=\"has-background has-medium-font-size has-luminous-vivid-orange-background-color\">13. 5. \u2013 POND\u011aL\u00cd <br \/>(9.30 \u2013 12.00)<br \/><strong> Den pro maminky<br \/><\/strong>dopoledne pln\u00e9 p\u00e9\u010de pro maminky v Mot\u00fdlku<\/p>\n\n\n\n<p class=\"has-background has-medium-font-size has-luminous-vivid-amber-background-color\">25. 5. \u2013 SOBOTA <br \/>(10.00 \u2013 19.00)  <br \/> <strong>S lehkost\u00ed mot\u00fdlka<\/strong><br \/>festival pro d\u011bti v zahrad\u011b Spole\u010densk\u00e9ho centra<\/p>\n\n\n\n<p class=\"has-medium-font-size\">Pro dal\u0161\u00ed informace nav\u0161tivte n\u00e1\u0161 facebook <a href=\"https:\/\/www.facebook.com\/motylek.tynec\/\">Motylek.tynec<\/a><\/p>\n","protected":false},"excerpt":{"rendered":"<p>17.3. &#8211; NED\u011aLE (9.00 \u2013 13.00)Baz\u00e1rek\/Ble\u0161\u00e1k v prostor\u00e1ch M\u011bstsk\u00e9ho \u00fa\u0159adu T\u00fdnec n. S\u00e1z. 23. 3. \u2013 SOBOTA (16.00 \u2013 18.00)V\u00fdchova bez pora\u017een\u00fdch p\u0159edn\u00e1\u0161ka v MC Mot\u00fdlek 14. 4. \u2013 NED\u011aLE (14.30 \u2013 17.00) Pir\u00e1tsk\u00e1 stezkavenkovn\u00ed bojovka 10. 5. &#8211; P\u00c1TEK (18.00 \u2013 20.00)Bojovka na hrad\u011b 13. 5. \u2013 POND\u011aL\u00cd (9.30 \u2013 12.00) Den pro maminkydopoledne [&hellip;]<\/p>\n","protected":false},"author":31,"featured_media":6941,"comment_status":"open","ping_status":"open","sticky":true,"template":"","format":"standard","meta":{"ngg_post_thumbnail":0},"categories":[3,134,36],"tags":[],"post_mailing_queue_ids":[],"_links":{"self":[{"href":"http:\/\/www.mcmotylek.cz\/index.php?rest_route=\/wp\/v2\/posts\/6935"}],"collection":[{"href":"http:\/\/www.mcmotylek.cz\/index.php?rest_route=\/wp\/v2\/posts"}],"about":[{"href":"http:\/\/www.mcmotylek.cz\/index.php?rest_route=\/wp\/v2\/types\/post"}],"author":[{"embeddable":true,"href":"http:\/\/www.mcmotylek.cz\/index.php?rest_route=\/wp\/v2\/users\/31"}],"replies":[{"embeddable":true,"href":"http:\/\/www.mcmotylek.cz\/index.php?rest_route=%2Fwp%2Fv2%2Fcomments&post=6935"}],"version-history":[{"count":6,"href":"http:\/\/www.mcmotylek.cz\/index.php?rest_route=\/wp\/v2\/posts\/6935\/revisions"}],"predecessor-version":[{"id":6942,"href":"http:\/\/www.mcmotylek.cz\/index.php?rest_route=\/wp\/v2\/posts\/6935\/revisions\/6942"}],"wp:featuredmedia":[{"embeddable":true,"href":"http:\/\/www.mcmotylek.cz\/index.php?rest_route=\/wp\/v2\/media\/6941"}],"wp:attachment":[{"href":"http:\/\/www.mcmotylek.cz\/index.php?rest_route=%2Fwp%2Fv2%2Fmedia&parent=6935"}],"wp:term":[{"taxonomy":"category","embeddable":true,"href":"http:\/\/www.mcmotylek.cz\/index.php?rest_route=%2Fwp%2Fv2%2Fcategories&post=6935"},{"taxonomy":"post_tag","embeddable":true,"href":"http:\/\/www.mcmotylek.cz\/index.php?rest_route=%2Fwp%2Fv2%2Ftags&post=6935"}],"curies":[{"name":"wp","href":"https:\/\/api.w.org\/{rel}","templated":true}]}}