{"id":7109,"date":"2019-03-24T00:10:11","date_gmt":"2019-03-23T23:10:11","guid":{"rendered":"http:\/\/www.mcmotylek.cz\/?p=7109"},"modified":"2019-03-24T00:11:59","modified_gmt":"2019-03-23T23:11:59","slug":"velikonocni-minifoceni","status":"publish","type":"post","link":"http:\/\/www.mcmotylek.cz\/?p=7109","title":{"rendered":"Velikono\u010dn\u00ed minifocen\u00ed"},"content":{"rendered":"\n<p class=\"has-background has-medium-font-size has-light-green-cyan-background-color\">V Mot\u00fdlku bude <strong>v \u00fater\u00fd 2.4<\/strong>. odpoledne od 15.30 do 18.00 a <strong>ve st\u0159edu 3.4. <\/strong>dopoledne od 9.00 do 12.00 prob\u00edhat velikono\u010dn\u00ed minifocen\u00ed s Martinou Hru\u0161kovou (hrumara).<\/p>\n\n\n\n<figure class=\"wp-block-image\"><img loading=\"lazy\" width=\"724\" height=\"1024\" src=\"http:\/\/www.mcmotylek.cz\/wp-content\/uploads\/2019\/03\/FB_IMG_1553382161706-724x1024.jpg\" alt=\"\" class=\"wp-image-7110\" srcset=\"http:\/\/www.mcmotylek.cz\/wp-content\/uploads\/2019\/03\/FB_IMG_1553382161706-724x1024.jpg 724w, http:\/\/www.mcmotylek.cz\/wp-content\/uploads\/2019\/03\/FB_IMG_1553382161706-212x300.jpg 212w, http:\/\/www.mcmotylek.cz\/wp-content\/uploads\/2019\/03\/FB_IMG_1553382161706-768x1086.jpg 768w, http:\/\/www.mcmotylek.cz\/wp-content\/uploads\/2019\/03\/FB_IMG_1553382161706.jpg 1229w\" sizes=\"(max-width: 724px) 100vw, 724px\" \/><figcaption>Focen\u00ed v \u00fater\u00fd<\/figcaption><\/figure>\n\n\n\n<figure class=\"wp-block-image\"><img loading=\"lazy\" width=\"721\" height=\"1024\" src=\"http:\/\/www.mcmotylek.cz\/wp-content\/uploads\/2019\/03\/FB_IMG_1553382168239-721x1024.jpg\" alt=\"\" class=\"wp-image-7111\" srcset=\"http:\/\/www.mcmotylek.cz\/wp-content\/uploads\/2019\/03\/FB_IMG_1553382168239-721x1024.jpg 721w, http:\/\/www.mcmotylek.cz\/wp-content\/uploads\/2019\/03\/FB_IMG_1553382168239-211x300.jpg 211w, http:\/\/www.mcmotylek.cz\/wp-content\/uploads\/2019\/03\/FB_IMG_1553382168239-768x1091.jpg 768w, http:\/\/www.mcmotylek.cz\/wp-content\/uploads\/2019\/03\/FB_IMG_1553382168239.jpg 1227w\" sizes=\"(max-width: 721px) 100vw, 721px\" \/><\/figure>\n","protected":false},"excerpt":{"rendered":"<p>V Mot\u00fdlku bude v \u00fater\u00fd 2.4. odpoledne od 15.30 do 18.00 a ve st\u0159edu 3.4. dopoledne od 9.00 do 12.00 prob\u00edhat velikono\u010dn\u00ed minifocen\u00ed s Martinou Hru\u0161kovou (hrumara).<\/p>\n","protected":false},"author":31,"featured_media":0,"comment_status":"open","ping_status":"open","sticky":true,"template":"","format":"standard","meta":{"ngg_post_thumbnail":0},"categories":[3,1,134],"tags":[141],"post_mailing_queue_ids":[],"_links":{"self":[{"href":"http:\/\/www.mcmotylek.cz\/index.php?rest_route=\/wp\/v2\/posts\/7109"}],"collection":[{"href":"http:\/\/www.mcmotylek.cz\/index.php?rest_route=\/wp\/v2\/posts"}],"about":[{"href":"http:\/\/www.mcmotylek.cz\/index.php?rest_route=\/wp\/v2\/types\/post"}],"author":[{"embeddable":true,"href":"http:\/\/www.mcmotylek.cz\/index.php?rest_route=\/wp\/v2\/users\/31"}],"replies":[{"embeddable":true,"href":"http:\/\/www.mcmotylek.cz\/index.php?rest_route=%2Fwp%2Fv2%2Fcomments&post=7109"}],"version-history":[{"count":1,"href":"http:\/\/www.mcmotylek.cz\/index.php?rest_route=\/wp\/v2\/posts\/7109\/revisions"}],"predecessor-version":[{"id":7112,"href":"http:\/\/www.mcmotylek.cz\/index.php?rest_route=\/wp\/v2\/posts\/7109\/revisions\/7112"}],"wp:attachment":[{"href":"http:\/\/www.mcmotylek.cz\/index.php?rest_route=%2Fwp%2Fv2%2Fmedia&parent=7109"}],"wp:term":[{"taxonomy":"category","embeddable":true,"href":"http:\/\/www.mcmotylek.cz\/index.php?rest_route=%2Fwp%2Fv2%2Fcategories&post=7109"},{"taxonomy":"post_tag","embeddable":true,"href":"http:\/\/www.mcmotylek.cz\/index.php?rest_route=%2Fwp%2Fv2%2Ftags&post=7109"}],"curies":[{"name":"wp","href":"https:\/\/api.w.org\/{rel}","templated":true}]}}