{"id":7113,"date":"2019-03-28T21:49:22","date_gmt":"2019-03-28T20:49:22","guid":{"rendered":"http:\/\/www.mcmotylek.cz\/?p=7113"},"modified":"2019-03-28T21:49:22","modified_gmt":"2019-03-28T20:49:22","slug":"vychova-bez-porazenych-reportaz","status":"publish","type":"post","link":"http:\/\/www.mcmotylek.cz\/?p=7113","title":{"rendered":"V\u00fdchova bez pora\u017een\u00fdch-report\u00e1\u017e"},"content":{"rendered":"\n<p class=\"has-medium-font-size\"> V sobotu 23. b\u0159ezna se v Mot\u00fdlku konala uk\u00e1zkov\u00e1 p\u0159edn\u00e1\u0161ka V\u00fdchova bez pora\u017een\u00fdch.<\/p>\n\n\n\n<p class=\"has-medium-font-size\"> P\u0159edn\u00e1\u0161ela n\u00e1m Mgr. \u0160\u00e1rka Ku\u010derov\u00e1, lektorka P.E.T.(Parent Effectiveness Training-tr\u00e9nink rodi\u010dovsk\u00fdch dovednost\u00ed).<\/p>\n\n\n\n<figure class=\"wp-block-image\"><img loading=\"lazy\" width=\"1024\" height=\"768\" src=\"http:\/\/www.mcmotylek.cz\/wp-content\/uploads\/2019\/03\/54521618_1355647751227006_89978993620549632_n-1024x768.jpg\" alt=\"\" class=\"wp-image-7115\" srcset=\"http:\/\/www.mcmotylek.cz\/wp-content\/uploads\/2019\/03\/54521618_1355647751227006_89978993620549632_n-1024x768.jpg 1024w, http:\/\/www.mcmotylek.cz\/wp-content\/uploads\/2019\/03\/54521618_1355647751227006_89978993620549632_n-300x225.jpg 300w, http:\/\/www.mcmotylek.cz\/wp-content\/uploads\/2019\/03\/54521618_1355647751227006_89978993620549632_n-768x576.jpg 768w, http:\/\/www.mcmotylek.cz\/wp-content\/uploads\/2019\/03\/54521618_1355647751227006_89978993620549632_n.jpg 2016w\" sizes=\"(max-width: 1024px) 100vw, 1024px\" \/><\/figure>\n\n\n\n<p class=\"has-medium-font-size\">\nA\u010dkoliv,\nvlastn\u011b mo\u017en\u00e1 pr\u00e1v\u011b proto, \u017ee jsme se se\u0161li ve velmi komorn\u00edm\npo\u010dtu, byly tyto dv\u011b hodiny nabit\u00e9 informacemi.<\/p>\n\n\n\n<p class=\"has-medium-font-size\">\nV\u00fdchova\nbez pora\u017een\u00fdch je zalo\u017eena na principu, kdy jsou spokojeni v\u0161ichni\nakt\u00e9\u0159i. \n<\/p>\n\n\n\n<p class=\"has-medium-font-size\">\nNez\u016fstane\npora\u017een\u00e9 zak\u0159iknut\u00e9 d\u00edt\u011b, nad kter\u00fdm \u201ev\u00edt\u011bz\u00ed\u201c p\u0159\u00edsn\u00fd\nrodi\u010d nebo naopak nedoch\u00e1z\u00ed k tomu, \u017ee d\u00edt\u011b m\u016f\u017ee v\u0161e bez\nohledu na pocity a p\u0159\u00e1n\u00ed rodi\u010de.<\/p>\n\n\n\n<p class=\"has-medium-font-size\">Zkr\u00e1tka\njsou to dovednosti, jak se dohodnout na \u0159e\u0161en\u00ed nastal\u00e9 situace\ntak, aby\nv\u0161ichni \u010dlenov\u00e9 rodiny napl\u0148ovali sv\u00e9 pot\u0159eby a c\u00edtili se doma\ndob\u0159e.<br \/>Zakladatelem\nprogramu V\u00fdchova bez pora\u017een\u00fdch je americk\u00fd psycholog Thomas\nGordon. Napsal i stejnojmenou knihu a vymyslel kurzy pro rodi\u010de k\nosvojen\u00ed komunika\u010dn\u00edch metod. Ty jsou od roku 2017 i v \u010cR.<\/p>\n\n\n\n<p class=\"has-medium-font-size\">\u0160\u00e1rka\nKu\u010derov\u00e1 aktu\u00e1ln\u011b po\u0159\u00e1d\u00e1 kurzy v Praze a Liberci. Pokud by byl\nz\u00e1jem, mohl by se jeden otev\u0159\u00edt i zde na Bene\u0161ovsku.<\/p>\n\n\n\n<figure class=\"wp-block-image\"><img loading=\"lazy\" width=\"939\" height=\"1024\" src=\"http:\/\/www.mcmotylek.cz\/wp-content\/uploads\/2019\/03\/54731253_296511704593795_3056083249324359680_n-939x1024.jpg\" alt=\"\" class=\"wp-image-7125\" srcset=\"http:\/\/www.mcmotylek.cz\/wp-content\/uploads\/2019\/03\/54731253_296511704593795_3056083249324359680_n-939x1024.jpg 939w, http:\/\/www.mcmotylek.cz\/wp-content\/uploads\/2019\/03\/54731253_296511704593795_3056083249324359680_n-275x300.jpg 275w, http:\/\/www.mcmotylek.cz\/wp-content\/uploads\/2019\/03\/54731253_296511704593795_3056083249324359680_n-768x837.jpg 768w, http:\/\/www.mcmotylek.cz\/wp-content\/uploads\/2019\/03\/54731253_296511704593795_3056083249324359680_n.jpg 1512w\" sizes=\"(max-width: 939px) 100vw, 939px\" \/><\/figure>\n","protected":false},"excerpt":{"rendered":"<p>V sobotu 23. b\u0159ezna se v Mot\u00fdlku konala uk\u00e1zkov\u00e1 p\u0159edn\u00e1\u0161ka V\u00fdchova bez pora\u017een\u00fdch. P\u0159edn\u00e1\u0161ela n\u00e1m Mgr. \u0160\u00e1rka Ku\u010derov\u00e1, lektorka P.E.T.(Parent Effectiveness Training-tr\u00e9nink rodi\u010dovsk\u00fdch dovednost\u00ed). A\u010dkoliv, vlastn\u011b mo\u017en\u00e1 pr\u00e1v\u011b proto, \u017ee jsme se se\u0161li ve velmi komorn\u00edm po\u010dtu, byly tyto dv\u011b hodiny nabit\u00e9 informacemi. V\u00fdchova bez pora\u017een\u00fdch je zalo\u017eena na principu, kdy jsou spokojeni v\u0161ichni akt\u00e9\u0159i. [&hellip;]<\/p>\n","protected":false},"author":31,"featured_media":0,"comment_status":"open","ping_status":"open","sticky":true,"template":"","format":"standard","meta":{"ngg_post_thumbnail":0},"categories":[1,134,36],"tags":[142],"post_mailing_queue_ids":[],"_links":{"self":[{"href":"http:\/\/www.mcmotylek.cz\/index.php?rest_route=\/wp\/v2\/posts\/7113"}],"collection":[{"href":"http:\/\/www.mcmotylek.cz\/index.php?rest_route=\/wp\/v2\/posts"}],"about":[{"href":"http:\/\/www.mcmotylek.cz\/index.php?rest_route=\/wp\/v2\/types\/post"}],"author":[{"embeddable":true,"href":"http:\/\/www.mcmotylek.cz\/index.php?rest_route=\/wp\/v2\/users\/31"}],"replies":[{"embeddable":true,"href":"http:\/\/www.mcmotylek.cz\/index.php?rest_route=%2Fwp%2Fv2%2Fcomments&post=7113"}],"version-history":[{"count":1,"href":"http:\/\/www.mcmotylek.cz\/index.php?rest_route=\/wp\/v2\/posts\/7113\/revisions"}],"predecessor-version":[{"id":7126,"href":"http:\/\/www.mcmotylek.cz\/index.php?rest_route=\/wp\/v2\/posts\/7113\/revisions\/7126"}],"wp:attachment":[{"href":"http:\/\/www.mcmotylek.cz\/index.php?rest_route=%2Fwp%2Fv2%2Fmedia&parent=7113"}],"wp:term":[{"taxonomy":"category","embeddable":true,"href":"http:\/\/www.mcmotylek.cz\/index.php?rest_route=%2Fwp%2Fv2%2Fcategories&post=7113"},{"taxonomy":"post_tag","embeddable":true,"href":"http:\/\/www.mcmotylek.cz\/index.php?rest_route=%2Fwp%2Fv2%2Ftags&post=7113"}],"curies":[{"name":"wp","href":"https:\/\/api.w.org\/{rel}","templated":true}]}}