{"id":7122,"date":"2019-03-28T21:31:12","date_gmt":"2019-03-28T20:31:12","guid":{"rendered":"http:\/\/www.mcmotylek.cz\/?p=7122"},"modified":"2019-03-28T21:31:12","modified_gmt":"2019-03-28T20:31:12","slug":"velikonocni-minifoceni-jen-v-utery-2-4","status":"publish","type":"post","link":"http:\/\/www.mcmotylek.cz\/?p=7122","title":{"rendered":"Velikono\u010dn\u00ed minifocen\u00ed jen v \u00fater\u00fd 2.4."},"content":{"rendered":"\n<p class=\"has-medium-font-size\">V\u00e1\u017een\u00ed rodi\u010de, je\u0161t\u011b st\u00e1le se m\u016f\u017eete hl\u00e1sit Martin\u011b Hru\u0161kov\u00e9 <a href=\"https:\/\/www.zonerama.com\/hrumara\/191979\">hrumara<\/a> na \u00fatern\u00ed velikono\u010dn\u00ed focen\u00ed.<\/p>\n\n\n\n<figure class=\"wp-block-image\"><img loading=\"lazy\" width=\"724\" height=\"1024\" src=\"http:\/\/www.mcmotylek.cz\/wp-content\/uploads\/2019\/03\/55932459_297766214480215_8974788675611131904_n-724x1024.jpg\" alt=\"\" class=\"wp-image-7123\" srcset=\"http:\/\/www.mcmotylek.cz\/wp-content\/uploads\/2019\/03\/55932459_297766214480215_8974788675611131904_n-724x1024.jpg 724w, http:\/\/www.mcmotylek.cz\/wp-content\/uploads\/2019\/03\/55932459_297766214480215_8974788675611131904_n-212x300.jpg 212w, http:\/\/www.mcmotylek.cz\/wp-content\/uploads\/2019\/03\/55932459_297766214480215_8974788675611131904_n-768x1086.jpg 768w, http:\/\/www.mcmotylek.cz\/wp-content\/uploads\/2019\/03\/55932459_297766214480215_8974788675611131904_n.jpg 1229w\" sizes=\"(max-width: 724px) 100vw, 724px\" \/><\/figure>\n\n\n\n<p style=\"text-align:left\" class=\"has-text-color has-medium-font-size has-vivid-red-color\"><strong>\u00dater\u00fd 2. dubna od 15.30 do 18.00 v Mot\u00fdlku<\/strong><\/p>\n\n\n\n<p class=\"has-medium-font-size\">cena 300 K\u010d za 5 upraven\u00fdch fotografi\u00ed<\/p>\n\n\n\n<p class=\"has-medium-font-size\">hlaste se p\u0159\u00edmo Martin\u011b na <a href=\"hrumara@seznam.cz\">hrumara@seznam.cz<\/a> nebo na telefon 739 235 006<\/p>\n\n\n\n<p class=\"has-medium-font-size\">Focen\u00ed ve st\u0159edu dopoledne nebude.<\/p>\n","protected":false},"excerpt":{"rendered":"<p>V\u00e1\u017een\u00ed rodi\u010de, je\u0161t\u011b st\u00e1le se m\u016f\u017eete hl\u00e1sit Martin\u011b Hru\u0161kov\u00e9 hrumara na \u00fatern\u00ed velikono\u010dn\u00ed focen\u00ed. \u00dater\u00fd 2. dubna od 15.30 do 18.00 v Mot\u00fdlku cena 300 K\u010d za 5 upraven\u00fdch fotografi\u00ed hlaste se p\u0159\u00edmo Martin\u011b na hrumara@seznam.cz nebo na telefon 739 235 006 Focen\u00ed ve st\u0159edu dopoledne nebude.<\/p>\n","protected":false},"author":31,"featured_media":0,"comment_status":"open","ping_status":"open","sticky":true,"template":"","format":"standard","meta":{"ngg_post_thumbnail":0},"categories":[1,134],"tags":[141],"post_mailing_queue_ids":[],"_links":{"self":[{"href":"http:\/\/www.mcmotylek.cz\/index.php?rest_route=\/wp\/v2\/posts\/7122"}],"collection":[{"href":"http:\/\/www.mcmotylek.cz\/index.php?rest_route=\/wp\/v2\/posts"}],"about":[{"href":"http:\/\/www.mcmotylek.cz\/index.php?rest_route=\/wp\/v2\/types\/post"}],"author":[{"embeddable":true,"href":"http:\/\/www.mcmotylek.cz\/index.php?rest_route=\/wp\/v2\/users\/31"}],"replies":[{"embeddable":true,"href":"http:\/\/www.mcmotylek.cz\/index.php?rest_route=%2Fwp%2Fv2%2Fcomments&post=7122"}],"version-history":[{"count":1,"href":"http:\/\/www.mcmotylek.cz\/index.php?rest_route=\/wp\/v2\/posts\/7122\/revisions"}],"predecessor-version":[{"id":7124,"href":"http:\/\/www.mcmotylek.cz\/index.php?rest_route=\/wp\/v2\/posts\/7122\/revisions\/7124"}],"wp:attachment":[{"href":"http:\/\/www.mcmotylek.cz\/index.php?rest_route=%2Fwp%2Fv2%2Fmedia&parent=7122"}],"wp:term":[{"taxonomy":"category","embeddable":true,"href":"http:\/\/www.mcmotylek.cz\/index.php?rest_route=%2Fwp%2Fv2%2Fcategories&post=7122"},{"taxonomy":"post_tag","embeddable":true,"href":"http:\/\/www.mcmotylek.cz\/index.php?rest_route=%2Fwp%2Fv2%2Ftags&post=7122"}],"curies":[{"name":"wp","href":"https:\/\/api.w.org\/{rel}","templated":true}]}}