{"id":7153,"date":"2019-04-09T21:13:00","date_gmt":"2019-04-09T20:13:00","guid":{"rendered":"http:\/\/www.mcmotylek.cz\/?p=7153"},"modified":"2019-04-09T21:14:22","modified_gmt":"2019-04-09T20:14:22","slug":"velikonoce-2019-opraveno","status":"publish","type":"post","link":"http:\/\/www.mcmotylek.cz\/?p=7153","title":{"rendered":"Velikonoce 2019"},"content":{"rendered":"\n<div class=\"wp-block-image\"><figure class=\"alignleft is-resized\"><img loading=\"lazy\" src=\"http:\/\/www.mcmotylek.cz\/wp-content\/uploads\/2017\/04\/79cs_16.gif\" alt=\"79cs_16\" class=\"wp-image-5309\" width=\"388\" height=\"145\"\/><\/figure><\/div>\n\n\n\n<figure class=\"wp-block-image\"><img alt=\"\"\/><\/figure>\n\n\n\n<p style=\"font-size:25px;text-align:left\" class=\"has-text-color has-vivid-red-color\"><strong><em>JSOU TU ZASE PO ROCE JARN\u00cd SV\u00c1TKY VELIKONOCE<\/em><\/strong><\/p>\n\n\n\n<p class=\"has-medium-font-size\">P\u0159ij\u010fte je s n\u00e1mi oslavit do Mot\u00fdlku<\/p>\n\n\n\n<p class=\"has-background has-medium-font-size has-cyan-bluish-gray-background-color\"><strong><em>16. dubna 2019 \u0160ediv\u00e9 \u00fater\u00fd<\/em><\/strong><\/p>\n\n\n\n<p class=\"has-background has-medium-font-size has-cyan-bluish-gray-background-color\">9.30 <strong>HLED\u00c1N\u00cd VELIKONO\u010cN\u00cdCH VAJ\u00cd\u010cEK <\/strong><\/p>\n\n\n\n<p style=\"text-align:right\" class=\"has-background has-medium-font-size has-cyan-bluish-gray-background-color\">sraz p\u0159ed MC, p\u016fjdeme na louku za M\u0160<br \/><\/p>\n\n\n\n<p style=\"background-color:#442708\" class=\"has-text-color has-background has-medium-font-size has-very-light-gray-color\"><em><strong>17.dubna 2019 \u0160kared\u00e1 st\u0159eda <\/strong><\/em><\/p>\n\n\n\n<p style=\"background-color:#3b1c03\" class=\"has-text-color has-background has-medium-font-size has-very-light-gray-color\"><strong>9.30 VELIKONO\u010cN\u00cd CVI\u010cEN\u00cd\u010cKO SE ZAJ\u00cd\u010cKEM<\/strong><\/p>\n\n\n\n<p class=\"has-background has-medium-font-size has-vivid-green-cyan-background-color\"><em><strong>18.dubna 2019 Zelen\u00fd \u010dtvrtek <\/strong><\/em><\/p>\n\n\n\n<p class=\"has-background has-medium-font-size has-vivid-green-cyan-background-color\">15.00 <strong>VELIKONO\u010cN\u00cd TVO\u0158EN\u00cd <\/strong>\u2013 v prostor\u00e1ch MC<\/p>\n\n\n\n<p class=\"has-text-color has-background has-medium-font-size has-very-light-gray-color has-very-dark-gray-background-color\"><em><strong>19.dubna 2019 Velk\u00fd p\u00e1tek &#8211; st\u00e1tn\u00ed sv\u00e1tek \u2013 zav\u0159eno<\/strong><\/em><\/p>\n\n\n\n<p class=\"has-background has-medium-font-size has-luminous-vivid-amber-background-color\"><strong><em>22.dubna 2019 Velikono\u010dn\u00ed pond\u011bl\u00ed &#8211; st\u00e1tn\u00ed sv\u00e1tek &#8211; zav\u0159eno<\/em><\/strong><\/p>\n\n\n<p><!--EndFragment--><\/p>","protected":false},"excerpt":{"rendered":"<p>JSOU TU ZASE PO ROCE JARN\u00cd SV\u00c1TKY VELIKONOCE P\u0159ij\u010fte je s n\u00e1mi oslavit do Mot\u00fdlku 16. dubna 2019 \u0160ediv\u00e9 \u00fater\u00fd 9.30 HLED\u00c1N\u00cd VELIKONO\u010cN\u00cdCH VAJ\u00cd\u010cEK sraz p\u0159ed MC, p\u016fjdeme na louku za M\u0160 17.dubna 2019 \u0160kared\u00e1 st\u0159eda 9.30 VELIKONO\u010cN\u00cd CVI\u010cEN\u00cd\u010cKO SE ZAJ\u00cd\u010cKEM 18.dubna 2019 Zelen\u00fd \u010dtvrtek 15.00 VELIKONO\u010cN\u00cd TVO\u0158EN\u00cd \u2013 v prostor\u00e1ch MC 19.dubna 2019 Velk\u00fd [&hellip;]<\/p>\n","protected":false},"author":31,"featured_media":0,"comment_status":"open","ping_status":"open","sticky":true,"template":"","format":"standard","meta":{"ngg_post_thumbnail":0},"categories":[1,134],"tags":[161],"post_mailing_queue_ids":[],"_links":{"self":[{"href":"http:\/\/www.mcmotylek.cz\/index.php?rest_route=\/wp\/v2\/posts\/7153"}],"collection":[{"href":"http:\/\/www.mcmotylek.cz\/index.php?rest_route=\/wp\/v2\/posts"}],"about":[{"href":"http:\/\/www.mcmotylek.cz\/index.php?rest_route=\/wp\/v2\/types\/post"}],"author":[{"embeddable":true,"href":"http:\/\/www.mcmotylek.cz\/index.php?rest_route=\/wp\/v2\/users\/31"}],"replies":[{"embeddable":true,"href":"http:\/\/www.mcmotylek.cz\/index.php?rest_route=%2Fwp%2Fv2%2Fcomments&post=7153"}],"version-history":[{"count":3,"href":"http:\/\/www.mcmotylek.cz\/index.php?rest_route=\/wp\/v2\/posts\/7153\/revisions"}],"predecessor-version":[{"id":7156,"href":"http:\/\/www.mcmotylek.cz\/index.php?rest_route=\/wp\/v2\/posts\/7153\/revisions\/7156"}],"wp:attachment":[{"href":"http:\/\/www.mcmotylek.cz\/index.php?rest_route=%2Fwp%2Fv2%2Fmedia&parent=7153"}],"wp:term":[{"taxonomy":"category","embeddable":true,"href":"http:\/\/www.mcmotylek.cz\/index.php?rest_route=%2Fwp%2Fv2%2Fcategories&post=7153"},{"taxonomy":"post_tag","embeddable":true,"href":"http:\/\/www.mcmotylek.cz\/index.php?rest_route=%2Fwp%2Fv2%2Ftags&post=7153"}],"curies":[{"name":"wp","href":"https:\/\/api.w.org\/{rel}","templated":true}]}}