{"id":7217,"date":"2019-05-09T14:22:58","date_gmt":"2019-05-09T13:22:58","guid":{"rendered":"http:\/\/www.mcmotylek.cz\/?p=7217"},"modified":"2019-05-09T14:22:58","modified_gmt":"2019-05-09T13:22:58","slug":"den-pro-maminky","status":"publish","type":"post","link":"http:\/\/www.mcmotylek.cz\/?p=7217","title":{"rendered":"DEN PRO MAMINKY"},"content":{"rendered":"\n<h1>DEN PRO MAMINKY<\/h1>\n\n\n\n<p style=\"background-color:#e3f2f8\" class=\"has-background has-medium-font-size\">Mil\u00e9 maminky, p\u0159ij\u010fte si s n\u00e1mi u\u017e\u00edt b\u00e1je\u010dn\u00fd den jen pro V\u00e1s! <br \/>Zaslou\u017e\u00edte si ho!!!!<\/p>\n\n\n\n<p style=\"background-color:#c5f7dd;text-align:left\" class=\"has-background has-medium-font-size\">T\u011b\u0161\u00ed se na V\u00e1s zku\u0161en\u00e1 kosmeti\u010dka, poradkyn\u011b, kter\u00e9 V\u00e1s p\u011bkn\u011b nal\u00ed\u010d\u00ed,  a fotografka, kter\u00e1 V\u00e1m dle z\u00e1jmu ud\u011bl\u00e1 p\u011bkn\u00e9 fotografie. <\/p>\n\n\n\n<p class=\"has-medium-font-size\">Co V\u00e1s je\u0161t\u011b \u010dek\u00e1?<\/p>\n\n\n\n<p style=\"background-color:#fff2ce\" class=\"has-background has-medium-font-size\">Dobr\u00e9 rady, p\u0159\u00edjemn\u00e1 spole\u010dnost, uk\u00e1zka kosmetiky, dobr\u00e1 k\u00e1va a sladkost k tomu :o)<\/p>\n\n\n\n<p class=\"has-text-color has-large-font-size has-vivid-red-color\"><strong>To v\u0161e v pond\u011bl\u00ed 13.5.2018 od 9-12 hod. v MC Mot\u00fdlek.<\/strong><\/p>\n\n\n\n<p class=\"has-medium-font-size\">P\u0159ij\u00edt m\u016f\u017eete i s Va\u0161imi d\u011btmi, o kter\u00e9 bude dob\u0159e postar\u00e1no<\/p>\n\n\n\n<p class=\"has-medium-font-size\">MC Mot\u00fdlek se na V\u00e1s u\u017e moc t\u011b\u0161\u00ed!<\/p>\n\n\n\n<p class=\"has-medium-font-size\">V p\u0159\u00edpad\u011b dotaz\u016f pi\u0161te na <a href=\"mailto:info@mcmotylek.cz\">info@mcmotylek.cz<\/a><\/p>\n","protected":false},"excerpt":{"rendered":"<p>DEN PRO MAMINKY Mil\u00e9 maminky, p\u0159ij\u010fte si s n\u00e1mi u\u017e\u00edt b\u00e1je\u010dn\u00fd den jen pro V\u00e1s! Zaslou\u017e\u00edte si ho!!!! T\u011b\u0161\u00ed se na V\u00e1s zku\u0161en\u00e1 kosmeti\u010dka, poradkyn\u011b, kter\u00e9 V\u00e1s p\u011bkn\u011b nal\u00ed\u010d\u00ed, a fotografka, kter\u00e1 V\u00e1m dle z\u00e1jmu ud\u011bl\u00e1 p\u011bkn\u00e9 fotografie. Co V\u00e1s je\u0161t\u011b \u010dek\u00e1? Dobr\u00e9 rady, p\u0159\u00edjemn\u00e1 spole\u010dnost, uk\u00e1zka kosmetiky, dobr\u00e1 k\u00e1va a sladkost k tomu :o) [&hellip;]<\/p>\n","protected":false},"author":31,"featured_media":0,"comment_status":"open","ping_status":"open","sticky":true,"template":"","format":"standard","meta":{"ngg_post_thumbnail":0},"categories":[1,134],"tags":[],"post_mailing_queue_ids":[],"_links":{"self":[{"href":"http:\/\/www.mcmotylek.cz\/index.php?rest_route=\/wp\/v2\/posts\/7217"}],"collection":[{"href":"http:\/\/www.mcmotylek.cz\/index.php?rest_route=\/wp\/v2\/posts"}],"about":[{"href":"http:\/\/www.mcmotylek.cz\/index.php?rest_route=\/wp\/v2\/types\/post"}],"author":[{"embeddable":true,"href":"http:\/\/www.mcmotylek.cz\/index.php?rest_route=\/wp\/v2\/users\/31"}],"replies":[{"embeddable":true,"href":"http:\/\/www.mcmotylek.cz\/index.php?rest_route=%2Fwp%2Fv2%2Fcomments&post=7217"}],"version-history":[{"count":2,"href":"http:\/\/www.mcmotylek.cz\/index.php?rest_route=\/wp\/v2\/posts\/7217\/revisions"}],"predecessor-version":[{"id":7219,"href":"http:\/\/www.mcmotylek.cz\/index.php?rest_route=\/wp\/v2\/posts\/7217\/revisions\/7219"}],"wp:attachment":[{"href":"http:\/\/www.mcmotylek.cz\/index.php?rest_route=%2Fwp%2Fv2%2Fmedia&parent=7217"}],"wp:term":[{"taxonomy":"category","embeddable":true,"href":"http:\/\/www.mcmotylek.cz\/index.php?rest_route=%2Fwp%2Fv2%2Fcategories&post=7217"},{"taxonomy":"post_tag","embeddable":true,"href":"http:\/\/www.mcmotylek.cz\/index.php?rest_route=%2Fwp%2Fv2%2Ftags&post=7217"}],"curies":[{"name":"wp","href":"https:\/\/api.w.org\/{rel}","templated":true}]}}