{"id":7220,"date":"2019-05-15T10:43:21","date_gmt":"2019-05-15T09:43:21","guid":{"rendered":"http:\/\/www.mcmotylek.cz\/?p=7220"},"modified":"2019-05-15T10:43:21","modified_gmt":"2019-05-15T09:43:21","slug":"den-pro-maminky-fotky-2","status":"publish","type":"post","link":"http:\/\/www.mcmotylek.cz\/?p=7220","title":{"rendered":"Den pro maminky-fotky"},"content":{"rendered":"\n<p class=\"has-medium-font-size\">Mil\u00e9 maminky, <br \/>t\u011bm, kter\u00e9 jste se z\u00fa\u010dastnily Dne pro maminky v pond\u011bl\u00ed 13.5.2019 moc d\u011bkujeme a v\u011b\u0159\u00edme, \u017ee jste si dopoledne opravdu u\u017eily. <br \/>\u017de l\u00ed\u010den\u00ed vydr\u017eelo a\u017e do ve\u010dern\u00edch hodin a Va\u0161e d\u00edtka si dostate\u010dn\u011b pohr\u00e1la.<\/p>\n\n\n\n<p class=\"has-medium-font-size\">Zde naleznete fotografie od fotografky <strong>Hrumara<\/strong> \u2013 Martiny Hru\u0161kov\u00e9. Z galerie si je lze st\u00e1hnout v pln\u00e9 kvalit\u011b.<\/p>\n\n\n\n<p style=\"background-color:#e5f0f5\" class=\"has-background has-medium-font-size\">Fotografie z Mot\u00fdlku: <br \/><a href=\"https:\/\/www.zonerama.com\/hrumara\/Album\/5302668?secret=aj42ul39wmB0Q29mWXRQOBi7k\" target=\"_blank\" rel=\"noreferrer noopener\" aria-label=\"Mot\u00fdlek (otev\u0159e se na nov\u00e9 z\u00e1lo\u017ece)\">Mot\u00fdlek<\/a><\/p>\n\n\n\n<p style=\"background-color:#d6fcd2\" class=\"has-background has-medium-font-size\">Fotografie portr\u00e9tov\u00e9 z venku:<br \/><a href=\"https:\/\/www.zonerama.com\/hrumara\/Album\/5302724?secret=2SSs2fTj7ldK2q6QIbTS8VE6x\">Portr\u00e9ty<\/a><br \/><\/p>\n\n\n\n<p class=\"has-medium-font-size\">Mamink\u00e1m, kter\u00e9 se nez\u00fa\u010dastnily t\u0159eba prohl\u00eddka galerie fotek pom\u016f\u017ee v rozhodnut\u00ed, zda se z\u00fa\u010dastn\u00ed p\u0159\u00ed\u0161t\u011b.<\/p>\n\n\n\n<p class=\"has-medium-font-size\">T\u011b\u0161\u00edme se na dal\u0161\u00ed akce!<\/p>\n","protected":false},"excerpt":{"rendered":"<p>Mil\u00e9 maminky, t\u011bm, kter\u00e9 jste se z\u00fa\u010dastnily Dne pro maminky v pond\u011bl\u00ed 13.5.2019 moc d\u011bkujeme a v\u011b\u0159\u00edme, \u017ee jste si dopoledne opravdu u\u017eily. \u017de l\u00ed\u010den\u00ed vydr\u017eelo a\u017e do ve\u010dern\u00edch hodin a Va\u0161e d\u00edtka si dostate\u010dn\u011b pohr\u00e1la. Zde naleznete fotografie od fotografky Hrumara \u2013 Martiny Hru\u0161kov\u00e9. Z galerie si je lze st\u00e1hnout v pln\u00e9 kvalit\u011b. Fotografie [&hellip;]<\/p>\n","protected":false},"author":31,"featured_media":0,"comment_status":"open","ping_status":"open","sticky":true,"template":"","format":"standard","meta":{"ngg_post_thumbnail":0},"categories":[3,134],"tags":[166,167],"post_mailing_queue_ids":[],"_links":{"self":[{"href":"http:\/\/www.mcmotylek.cz\/index.php?rest_route=\/wp\/v2\/posts\/7220"}],"collection":[{"href":"http:\/\/www.mcmotylek.cz\/index.php?rest_route=\/wp\/v2\/posts"}],"about":[{"href":"http:\/\/www.mcmotylek.cz\/index.php?rest_route=\/wp\/v2\/types\/post"}],"author":[{"embeddable":true,"href":"http:\/\/www.mcmotylek.cz\/index.php?rest_route=\/wp\/v2\/users\/31"}],"replies":[{"embeddable":true,"href":"http:\/\/www.mcmotylek.cz\/index.php?rest_route=%2Fwp%2Fv2%2Fcomments&post=7220"}],"version-history":[{"count":1,"href":"http:\/\/www.mcmotylek.cz\/index.php?rest_route=\/wp\/v2\/posts\/7220\/revisions"}],"predecessor-version":[{"id":7221,"href":"http:\/\/www.mcmotylek.cz\/index.php?rest_route=\/wp\/v2\/posts\/7220\/revisions\/7221"}],"wp:attachment":[{"href":"http:\/\/www.mcmotylek.cz\/index.php?rest_route=%2Fwp%2Fv2%2Fmedia&parent=7220"}],"wp:term":[{"taxonomy":"category","embeddable":true,"href":"http:\/\/www.mcmotylek.cz\/index.php?rest_route=%2Fwp%2Fv2%2Fcategories&post=7220"},{"taxonomy":"post_tag","embeddable":true,"href":"http:\/\/www.mcmotylek.cz\/index.php?rest_route=%2Fwp%2Fv2%2Ftags&post=7220"}],"curies":[{"name":"wp","href":"https:\/\/api.w.org\/{rel}","templated":true}]}}