{"id":7240,"date":"2019-05-27T13:11:23","date_gmt":"2019-05-27T12:11:23","guid":{"rendered":"http:\/\/www.mcmotylek.cz\/?p=7240"},"modified":"2019-05-27T13:11:23","modified_gmt":"2019-05-27T12:11:23","slug":"prvni-rocnik-festivalu-se-vydaril","status":"publish","type":"post","link":"http:\/\/www.mcmotylek.cz\/?p=7240","title":{"rendered":"Prvn\u00ed ro\u010dn\u00edk festivalu se vyda\u0159il!"},"content":{"rendered":"\n<p class=\"has-medium-font-size\">V\u00e1\u017een\u00ed rodi\u010de, v sobotu 25.5. prob\u011bhl prvn\u00ed ro\u010dn\u00edk festivalu S lehkost\u00ed mot\u00fdlka.<br \/><br \/>Jak u\u017e vypov\u00edd\u00e1 to, \u017ee o n\u011bm mluv\u00edme, jako o prvn\u00edm ro\u010dn\u00edku, chceme uspo\u0159\u00e1dat festival i nap\u0159esrok \ud83d\ude42<\/p>\n\n\n\n<p class=\"has-medium-font-size\">Zde je zm\u00ednka o festivalu s fotogaleri\u00ed z Bene\u0161ovsk\u00e9ho den\u00edku. <a href=\"https:\/\/benesovsky.denik.cz\/kultura_region\/s-lehkosti-motylka-vybrali-penize-na-dobrou-vec-20190526.html?fbclid=IwAR3u6GQZ1K_iUUFZPoKxXrN780UGunkjNXyoajDw2zpunQZFWRgbwKKwXnI\">O<\/a><font style=\"background-color: rgb(229, 245, 250);\"><\/font><font color=\"#000113\"><a href=\"https:\/\/benesovsky.denik.cz\/kultura_region\/s-lehkosti-motylka-vybrali-penize-na-dobrou-vec-20190526.html?fbclid=IwAR3u6GQZ1K_iUUFZPoKxXrN780UGunkjNXyoajDw2zpunQZFWRgbwKKwXnI\">dkaz <\/a><\/font><a href=\"https:\/\/benesovsky.denik.cz\/kultura_region\/s-lehkosti-motylka-vybrali-penize-na-dobrou-vec-20190526.html?fbclid=IwAR3u6GQZ1K_iUUFZPoKxXrN780UGunkjNXyoajDw2zpunQZFWRgbwKKwXnI\"><\/a><\/p>\n\n\n\n<p class=\"has-medium-font-size\">Vlastn\u00ed fotogalerie festivalu bude zde na str\u00e1nk\u00e1ch Mot\u00fdlku a na facebooku u\u017e brzy \ud83d\ude42<\/p>\n\n\n\n<p class=\"has-medium-font-size\">Pohodov\u00fd den pro rodiny se povedl, to byl prvn\u00ed c\u00edl a co ten druh\u00fd, kter\u00fdm bylo VYBRAT PEN\u00cdZE PRO NADA\u010cN\u00cd FOND S LEHKOU HLAVOU?<br \/><br \/>Ten n\u00e1m tak\u00e9 vy\u0161el \ud83d\ude42<\/p>\n\n\n\n<p style=\"font-size:24px\" class=\"has-text-color has-vivid-red-color\">Nada\u010dn\u00edmu fondu p\u0159ed\u00e1v\u00e1me kr\u00e1sn\u00fdch<strong> 22 714 K\u010d<\/strong><\/p>\n","protected":false},"excerpt":{"rendered":"<p>V\u00e1\u017een\u00ed rodi\u010de, v sobotu 25.5. prob\u011bhl prvn\u00ed ro\u010dn\u00edk festivalu S lehkost\u00ed mot\u00fdlka. Jak u\u017e vypov\u00edd\u00e1 to, \u017ee o n\u011bm mluv\u00edme, jako o prvn\u00edm ro\u010dn\u00edku, chceme uspo\u0159\u00e1dat festival i nap\u0159esrok \ud83d\ude42 Zde je zm\u00ednka o festivalu s fotogaleri\u00ed z Bene\u0161ovsk\u00e9ho den\u00edku. Odkaz Vlastn\u00ed fotogalerie festivalu bude zde na str\u00e1nk\u00e1ch Mot\u00fdlku a na facebooku u\u017e brzy \ud83d\ude42 [&hellip;]<\/p>\n","protected":false},"author":31,"featured_media":0,"comment_status":"open","ping_status":"open","sticky":true,"template":"","format":"standard","meta":{"ngg_post_thumbnail":0},"categories":[3,134],"tags":[162,163],"post_mailing_queue_ids":[],"_links":{"self":[{"href":"http:\/\/www.mcmotylek.cz\/index.php?rest_route=\/wp\/v2\/posts\/7240"}],"collection":[{"href":"http:\/\/www.mcmotylek.cz\/index.php?rest_route=\/wp\/v2\/posts"}],"about":[{"href":"http:\/\/www.mcmotylek.cz\/index.php?rest_route=\/wp\/v2\/types\/post"}],"author":[{"embeddable":true,"href":"http:\/\/www.mcmotylek.cz\/index.php?rest_route=\/wp\/v2\/users\/31"}],"replies":[{"embeddable":true,"href":"http:\/\/www.mcmotylek.cz\/index.php?rest_route=%2Fwp%2Fv2%2Fcomments&post=7240"}],"version-history":[{"count":4,"href":"http:\/\/www.mcmotylek.cz\/index.php?rest_route=\/wp\/v2\/posts\/7240\/revisions"}],"predecessor-version":[{"id":7244,"href":"http:\/\/www.mcmotylek.cz\/index.php?rest_route=\/wp\/v2\/posts\/7240\/revisions\/7244"}],"wp:attachment":[{"href":"http:\/\/www.mcmotylek.cz\/index.php?rest_route=%2Fwp%2Fv2%2Fmedia&parent=7240"}],"wp:term":[{"taxonomy":"category","embeddable":true,"href":"http:\/\/www.mcmotylek.cz\/index.php?rest_route=%2Fwp%2Fv2%2Fcategories&post=7240"},{"taxonomy":"post_tag","embeddable":true,"href":"http:\/\/www.mcmotylek.cz\/index.php?rest_route=%2Fwp%2Fv2%2Ftags&post=7240"}],"curies":[{"name":"wp","href":"https:\/\/api.w.org\/{rel}","templated":true}]}}