{"id":7245,"date":"2019-06-03T13:25:17","date_gmt":"2019-06-03T12:25:17","guid":{"rendered":"http:\/\/www.mcmotylek.cz\/?p=7245"},"modified":"2019-06-03T13:25:17","modified_gmt":"2019-06-03T12:25:17","slug":"pohadkovy-les-2","status":"publish","type":"post","link":"http:\/\/www.mcmotylek.cz\/?p=7245","title":{"rendered":"Poh\u00e1dkov\u00fd les"},"content":{"rendered":"\n<p class=\"has-medium-font-size\"><strong>MC Mot\u00fdlek zve v\u0161echny d\u011bti, rodi\u010de, prarodi\u010de a kamar\u00e1dy na<\/strong><\/p>\n\n\n\n<p style=\"font-size:40px\" class=\"has-background has-pale-pink-background-color\"><em><strong>POH\u00c1DKOV\u00dd LES<\/strong><\/em><\/p>\n\n\n\n<figure class=\"wp-block-image\"><img loading=\"lazy\" width=\"576\" height=\"1024\" src=\"http:\/\/www.mcmotylek.cz\/wp-content\/uploads\/2018\/06\/IMG-20180610-WA0005-576x1024.jpg\" alt=\"\" class=\"wp-image-6276\" srcset=\"http:\/\/www.mcmotylek.cz\/wp-content\/uploads\/2018\/06\/IMG-20180610-WA0005-576x1024.jpg 576w, http:\/\/www.mcmotylek.cz\/wp-content\/uploads\/2018\/06\/IMG-20180610-WA0005-169x300.jpg 169w, http:\/\/www.mcmotylek.cz\/wp-content\/uploads\/2018\/06\/IMG-20180610-WA0005-768x1365.jpg 768w, http:\/\/www.mcmotylek.cz\/wp-content\/uploads\/2018\/06\/IMG-20180610-WA0005.jpg 900w\" sizes=\"(max-width: 576px) 100vw, 576px\" \/><figcaption>Poh\u00e1dkov\u00fd les 2018<\/figcaption><\/figure>\n\n\n\n<p class=\"has-text-color has-large-font-size has-vivid-red-color\"><strong>v ned\u011bli 16.6.2018 <\/strong><br \/><strong>od 14:30 do 15:00<\/strong><\/p>\n\n\n\n<p class=\"has-medium-font-size\"><strong>za\u010d\u00e1tek trasy: dubov\u00e1 alej za M\u0160 T\u00fdnec (sm\u011brem k lesu)<\/strong><br \/><br \/>za ulic\u00ed K Zelen\u00fdm vrat\u016fm<\/p>\n\n\n\n<p class=\"has-medium-font-size\"><strong>Startovn\u00e9: 50,- K\u010d (na odm\u011bny d\u011bt\u00ed)<\/strong><br \/><strong> \u010dlenov\u00e9 MC 40,-K\u010d<br \/> (plat\u00ed se na startu) <\/strong><\/p>\n\n\n\n<p class=\"has-medium-font-size\">Kontakt: 721 140 507 (L\u00edda Klimusov\u00e1)<\/p>\n\n\n\n<p class=\"has-medium-font-size\"><strong>V p\u0159\u00edpad\u011b nep\u0159\u00edzn\u011b po\u010das\u00ed se akce ru\u0161\u00ed.<\/strong><\/p>\n","protected":false},"excerpt":{"rendered":"<p>MC Mot\u00fdlek zve v\u0161echny d\u011bti, rodi\u010de, prarodi\u010de a kamar\u00e1dy na POH\u00c1DKOV\u00dd LES v ned\u011bli 16.6.2018 od 14:30 do 15:00 za\u010d\u00e1tek trasy: dubov\u00e1 alej za M\u0160 T\u00fdnec (sm\u011brem k lesu) za ulic\u00ed K Zelen\u00fdm vrat\u016fm Startovn\u00e9: 50,- K\u010d (na odm\u011bny d\u011bt\u00ed) \u010dlenov\u00e9 MC 40,-K\u010d (plat\u00ed se na startu) Kontakt: 721 140 507 (L\u00edda Klimusov\u00e1) V p\u0159\u00edpad\u011b [&hellip;]<\/p>\n","protected":false},"author":31,"featured_media":0,"comment_status":"open","ping_status":"open","sticky":true,"template":"","format":"standard","meta":{"ngg_post_thumbnail":0},"categories":[3,134],"tags":[145],"post_mailing_queue_ids":[],"_links":{"self":[{"href":"http:\/\/www.mcmotylek.cz\/index.php?rest_route=\/wp\/v2\/posts\/7245"}],"collection":[{"href":"http:\/\/www.mcmotylek.cz\/index.php?rest_route=\/wp\/v2\/posts"}],"about":[{"href":"http:\/\/www.mcmotylek.cz\/index.php?rest_route=\/wp\/v2\/types\/post"}],"author":[{"embeddable":true,"href":"http:\/\/www.mcmotylek.cz\/index.php?rest_route=\/wp\/v2\/users\/31"}],"replies":[{"embeddable":true,"href":"http:\/\/www.mcmotylek.cz\/index.php?rest_route=%2Fwp%2Fv2%2Fcomments&post=7245"}],"version-history":[{"count":2,"href":"http:\/\/www.mcmotylek.cz\/index.php?rest_route=\/wp\/v2\/posts\/7245\/revisions"}],"predecessor-version":[{"id":7247,"href":"http:\/\/www.mcmotylek.cz\/index.php?rest_route=\/wp\/v2\/posts\/7245\/revisions\/7247"}],"wp:attachment":[{"href":"http:\/\/www.mcmotylek.cz\/index.php?rest_route=%2Fwp%2Fv2%2Fmedia&parent=7245"}],"wp:term":[{"taxonomy":"category","embeddable":true,"href":"http:\/\/www.mcmotylek.cz\/index.php?rest_route=%2Fwp%2Fv2%2Fcategories&post=7245"},{"taxonomy":"post_tag","embeddable":true,"href":"http:\/\/www.mcmotylek.cz\/index.php?rest_route=%2Fwp%2Fv2%2Ftags&post=7245"}],"curies":[{"name":"wp","href":"https:\/\/api.w.org\/{rel}","templated":true}]}}