{"id":7257,"date":"2019-06-13T17:54:03","date_gmt":"2019-06-13T16:54:03","guid":{"rendered":"http:\/\/www.mcmotylek.cz\/?p=7257"},"modified":"2019-06-13T17:54:03","modified_gmt":"2019-06-13T16:54:03","slug":"zaverecne-setkani-s-predanim-penez-nf","status":"publish","type":"post","link":"http:\/\/www.mcmotylek.cz\/?p=7257","title":{"rendered":"Z\u00e1v\u011bre\u010dn\u00e9 setk\u00e1n\u00ed s p\u0159ed\u00e1n\u00edm pen\u011bz NF"},"content":{"rendered":"\n<p class=\"has-large-font-size\">Na festivalu <a href=\"https:\/\/benesovsky.denik.cz\/kultura_region\/s-lehkosti-motylka-vybrali-penize-na-dobrou-vec-20190526.html?fbclid=IwAR3u6GQZ1K_iUUFZPoKxXrN780UGunkjNXyoajDw2zpunQZFWRgbwKKwXnI\">S lehkost\u00ed mot\u00fdlka<\/a> <br \/><em><strong>SE N\u00c1M PODA\u0158ILO VYBRAT <\/strong><\/em><\/p>\n\n\n\n<p class=\"has-background has-large-font-size has-luminous-vivid-amber-background-color\"><em><strong> <\/strong><\/em><strong>22\u00a0714 K\u010d<\/strong><\/p>\n\n\n\n<p class=\"has-medium-font-size\">Slavnostn\u00ed p\u0159ed\u00e1n\u00ed z\u00e1stupkyni <strong><em>NF S lehkou hlavou<\/em><\/strong> prob\u011bhne <\/p>\n\n\n\n<p style=\"background-color:#ceedfa\" class=\"has-background has-medium-font-size\">V P\u00c1TEK <strong>14.6.2019\u00a0 <\/strong><br \/><strong>od 11h (po Zp\u00edv\u00e1nk\u00e1ch) <\/strong>v\u00a0MC Mot\u00fdlek<\/p>\n\n\n\n<p class=\"has-medium-font-size\">M\u016f\u017eete se t\u011b\u0161it na:<\/p>\n\n\n\n<p class=\"has-medium-font-size\">-setk\u00e1n\u00ed s cel\u00fdm t\u00fdmem MC Mot\u00fdlek<\/p>\n\n\n\n<p class=\"has-medium-font-size\">-dobrou k\u00e1vu a sladkost k\u00a0tomu\u00a0 <\/p>\n\n\n\n<p class=\"has-medium-font-size\">-rozlou\u010den\u00ed se sez\u00f3nou 2018\/2019 v Mot\u00fdlku<\/p>\n","protected":false},"excerpt":{"rendered":"<p>Na festivalu S lehkost\u00ed mot\u00fdlka SE N\u00c1M PODA\u0158ILO VYBRAT 22\u00a0714 K\u010d Slavnostn\u00ed p\u0159ed\u00e1n\u00ed z\u00e1stupkyni NF S lehkou hlavou prob\u011bhne V P\u00c1TEK 14.6.2019\u00a0 od 11h (po Zp\u00edv\u00e1nk\u00e1ch) v\u00a0MC Mot\u00fdlek M\u016f\u017eete se t\u011b\u0161it na: -setk\u00e1n\u00ed s cel\u00fdm t\u00fdmem MC Mot\u00fdlek -dobrou k\u00e1vu a sladkost k\u00a0tomu\u00a0 -rozlou\u010den\u00ed se sez\u00f3nou 2018\/2019 v Mot\u00fdlku<\/p>\n","protected":false},"author":31,"featured_media":0,"comment_status":"open","ping_status":"open","sticky":true,"template":"","format":"standard","meta":{"ngg_post_thumbnail":0},"categories":[3,134],"tags":[],"post_mailing_queue_ids":[],"_links":{"self":[{"href":"http:\/\/www.mcmotylek.cz\/index.php?rest_route=\/wp\/v2\/posts\/7257"}],"collection":[{"href":"http:\/\/www.mcmotylek.cz\/index.php?rest_route=\/wp\/v2\/posts"}],"about":[{"href":"http:\/\/www.mcmotylek.cz\/index.php?rest_route=\/wp\/v2\/types\/post"}],"author":[{"embeddable":true,"href":"http:\/\/www.mcmotylek.cz\/index.php?rest_route=\/wp\/v2\/users\/31"}],"replies":[{"embeddable":true,"href":"http:\/\/www.mcmotylek.cz\/index.php?rest_route=%2Fwp%2Fv2%2Fcomments&post=7257"}],"version-history":[{"count":1,"href":"http:\/\/www.mcmotylek.cz\/index.php?rest_route=\/wp\/v2\/posts\/7257\/revisions"}],"predecessor-version":[{"id":7258,"href":"http:\/\/www.mcmotylek.cz\/index.php?rest_route=\/wp\/v2\/posts\/7257\/revisions\/7258"}],"wp:attachment":[{"href":"http:\/\/www.mcmotylek.cz\/index.php?rest_route=%2Fwp%2Fv2%2Fmedia&parent=7257"}],"wp:term":[{"taxonomy":"category","embeddable":true,"href":"http:\/\/www.mcmotylek.cz\/index.php?rest_route=%2Fwp%2Fv2%2Fcategories&post=7257"},{"taxonomy":"post_tag","embeddable":true,"href":"http:\/\/www.mcmotylek.cz\/index.php?rest_route=%2Fwp%2Fv2%2Ftags&post=7257"}],"curies":[{"name":"wp","href":"https:\/\/api.w.org\/{rel}","templated":true}]}}