{"id":7287,"date":"2019-08-31T15:56:22","date_gmt":"2019-08-31T14:56:22","guid":{"rendered":"http:\/\/www.mcmotylek.cz\/?p=7287"},"modified":"2019-08-31T15:56:22","modified_gmt":"2019-08-31T14:56:22","slug":"bazarek-blesak-2","status":"publish","type":"post","link":"http:\/\/www.mcmotylek.cz\/?p=7287","title":{"rendered":"BAZ\u00c1REK \/ BLE\u0160\u00c1K"},"content":{"rendered":"\n<p class=\"has-medium-font-size\"><em>M\u00e1te doma nepot\u0159ebn\u00e9, ale funguj\u00edc\u00ed v\u011bci-hlavn\u011b pro d\u011bti, kter\u00e9 je V\u00e1m l\u00edto vyhodit?<\/em><br \/><em>(OBLE\u010cEN\u00cd, HRA\u010cKY, KNIHY, SPORTOVN\u00cd POT\u0158EBY, N\u00c1\u0158AD\u00cd, \u2026)<\/em><br \/><em>Nebo naopak n\u011bco pot\u0159ebujete?<\/em><\/p>\n\n\n\n<figure class=\"wp-block-image\"><img loading=\"lazy\" width=\"670\" height=\"409\" src=\"http:\/\/www.mcmotylek.cz\/wp-content\/uploads\/2019\/01\/blesak-krc.png\" alt=\"\" class=\"wp-image-6906\" srcset=\"http:\/\/www.mcmotylek.cz\/wp-content\/uploads\/2019\/01\/blesak-krc.png 670w, http:\/\/www.mcmotylek.cz\/wp-content\/uploads\/2019\/01\/blesak-krc-300x183.png 300w\" sizes=\"(max-width: 670px) 100vw, 670px\" \/><\/figure>\n\n\n\n<p class=\"has-medium-font-size\">Spole\u010dn\u011b s m\u011bstem T\u00fdnec V\u00e1s zveme na PODZIMN\u00cd <strong>BAZ\u00c1REK\/BLE\u0160\u00c1K<\/strong><\/p>\n\n\n\n<p style=\"background-color:#9ff2d4\" class=\"has-background has-medium-font-size\"><strong>V SOBOTU 5. \u0158\u00cdJNA<\/strong><br \/><strong>od 9.00 do 13.00<\/strong><br \/><strong>na M\u011bstsk\u00e9m \u00fa\u0159ad\u011b<\/strong><br \/><strong>v T\u00fdnci nad S\u00e1zavou<\/strong><\/p>\n\n\n\n<p class=\"has-medium-font-size\">VSTUP PRO NAKUPUJ\u00cdC\u00cd ZDARMA <\/p>\n\n\n\n<p style=\"background-color:#f6dd98\" class=\"has-text-color has-background has-medium-font-size has-very-dark-gray-color\"><strong>REGISTRUJTE SE DO 29.z\u00e1\u0159\u00ed <\/strong><br \/><strong>NA MAILU: <a href=\"http:\/\/www.mcmotylek.cz\/wp-admin\/info@mcmotylek.cz\">info@mcmotylek.cz<\/a>  <\/strong><br \/><strong>nebo u Katky Pikousov\u00e9  <\/strong><br \/>na telefonu <strong>602 633 410<\/strong><\/p>\n\n\n\n<p class=\"has-medium-font-size\"><strong>POPLATEK ZA PRODEJN\u00cd M\u00cdSTO JE 50 K\u010d <\/strong><\/p>\n\n\n\n<p class=\"has-background has-medium-font-size has-pale-pink-background-color\"><strong>M\u016e\u017dETE PROD\u00c1VAT PRAKTICKY COKOLI:<\/strong><\/p>\n\n\n\n<p class=\"has-medium-font-size\"><em>OBLE\u010cEN\u00cd &#8211; d\u011btsk\u00e9 i dosp\u011bl\u00e1ck\u00e9 <\/em><\/p>\n\n\n\n<p class=\"has-medium-font-size\"><em>HRA\u010cKY A POT\u0158EBY PRO D\u011aTI A MIMINKA<\/em><\/p>\n\n\n\n<p class=\"has-medium-font-size\"><em>KNIHY<\/em><\/p>\n\n\n\n<p class=\"has-medium-font-size\"><em>SPORTOVN\u00cd POT\u0158EBY<\/em><\/p>\n\n\n\n<p class=\"has-medium-font-size\"><em>N\u00c1\u0158AD\u00cd<\/em><\/p>\n\n\n\n<p class=\"has-medium-font-size\"><em>&#8230;<\/em><\/p>\n\n\n\n<p class=\"has-background has-medium-font-size has-pale-pink-background-color\"><strong>KDO BUDE CHT\u00cdT PRODAT KO\u010c\u00c1REK \u010cI JINOU VELKOU V\u011aC, NECH\u0164 NAHL\u00c1S\u00cd P\u0158I REZERVACI M\u00cdSTA  <\/strong><\/p>\n\n\n\n<p class=\"has-background has-medium-font-size has-pale-pink-background-color\"><strong>KA\u017dD\u00dd SI PROD\u00c1V\u00c1 SV\u00c9 ZBO\u017d\u00cd S\u00c1M U STOLU  <\/strong><\/p>\n\n\n\n<p class=\"has-background has-medium-font-size has-pale-pink-background-color\">* st\u016fl bude p\u0159ipraven od n\u00e1s <\/p>\n\n\n\n<p class=\"has-background has-medium-font-size has-pale-pink-background-color\"><strong>M\u016e\u017dETE SI S SEBOU VZ\u00cdT TAK\u00c9 V\u011a\u0160\u00c1K \u010cI KRABICE,\u00a0A\u0164 JE VA\u0160E ZBO\u017d\u00cd\u00a0DOB\u0158E VID\u011aT<\/strong><\/p>\n\n\n\n<p class=\"has-background has-medium-font-size has-pale-cyan-blue-background-color\"><strong>PRODEJ PROB\u00cdH\u00c1 od 9.00 do 13.00 hodin, PRO V\u00c1S JE NUTN\u00c9 SE DOSTAVIT D\u0158\u00cdV, ABYSTE M\u011aLI \u010cAS SI ZBO\u017d\u00cd VYSTAVIT<\/strong><br \/><strong><em>doporu\u010dujeme v 08.00<\/em><\/strong><\/p>\n\n\n\n<p class=\"has-medium-font-size\">M\u016f\u017eete sledovat ud\u00e1lost na facebooku <a href=\"https:\/\/www.facebook.com\/events\/922099571477883\/\">motylek.tynec<\/a><\/p>\n","protected":false},"excerpt":{"rendered":"<p>M\u00e1te doma nepot\u0159ebn\u00e9, ale funguj\u00edc\u00ed v\u011bci-hlavn\u011b pro d\u011bti, kter\u00e9 je V\u00e1m l\u00edto vyhodit?(OBLE\u010cEN\u00cd, HRA\u010cKY, KNIHY, SPORTOVN\u00cd POT\u0158EBY, N\u00c1\u0158AD\u00cd, \u2026)Nebo naopak n\u011bco pot\u0159ebujete? Spole\u010dn\u011b s m\u011bstem T\u00fdnec V\u00e1s zveme na PODZIMN\u00cd BAZ\u00c1REK\/BLE\u0160\u00c1K V SOBOTU 5. \u0158\u00cdJNAod 9.00 do 13.00na M\u011bstsk\u00e9m \u00fa\u0159ad\u011bv T\u00fdnci nad S\u00e1zavou VSTUP PRO NAKUPUJ\u00cdC\u00cd ZDARMA REGISTRUJTE SE DO 29.z\u00e1\u0159\u00ed NA MAILU: info@mcmotylek.cz nebo [&hellip;]<\/p>\n","protected":false},"author":31,"featured_media":0,"comment_status":"open","ping_status":"open","sticky":true,"template":"","format":"standard","meta":{"ngg_post_thumbnail":0},"categories":[1,134],"tags":[122,171,172],"post_mailing_queue_ids":[],"_links":{"self":[{"href":"http:\/\/www.mcmotylek.cz\/index.php?rest_route=\/wp\/v2\/posts\/7287"}],"collection":[{"href":"http:\/\/www.mcmotylek.cz\/index.php?rest_route=\/wp\/v2\/posts"}],"about":[{"href":"http:\/\/www.mcmotylek.cz\/index.php?rest_route=\/wp\/v2\/types\/post"}],"author":[{"embeddable":true,"href":"http:\/\/www.mcmotylek.cz\/index.php?rest_route=\/wp\/v2\/users\/31"}],"replies":[{"embeddable":true,"href":"http:\/\/www.mcmotylek.cz\/index.php?rest_route=%2Fwp%2Fv2%2Fcomments&post=7287"}],"version-history":[{"count":8,"href":"http:\/\/www.mcmotylek.cz\/index.php?rest_route=\/wp\/v2\/posts\/7287\/revisions"}],"predecessor-version":[{"id":7295,"href":"http:\/\/www.mcmotylek.cz\/index.php?rest_route=\/wp\/v2\/posts\/7287\/revisions\/7295"}],"wp:attachment":[{"href":"http:\/\/www.mcmotylek.cz\/index.php?rest_route=%2Fwp%2Fv2%2Fmedia&parent=7287"}],"wp:term":[{"taxonomy":"category","embeddable":true,"href":"http:\/\/www.mcmotylek.cz\/index.php?rest_route=%2Fwp%2Fv2%2Fcategories&post=7287"},{"taxonomy":"post_tag","embeddable":true,"href":"http:\/\/www.mcmotylek.cz\/index.php?rest_route=%2Fwp%2Fv2%2Ftags&post=7287"}],"curies":[{"name":"wp","href":"https:\/\/api.w.org\/{rel}","templated":true}]}}