{"id":7351,"date":"2019-09-26T14:24:39","date_gmt":"2019-09-26T13:24:39","guid":{"rendered":"http:\/\/www.mcmotylek.cz\/?p=7351"},"modified":"2019-09-26T14:24:39","modified_gmt":"2019-09-26T13:24:39","slug":"rtenkobrani-v-patek-11-10","status":"publish","type":"post","link":"http:\/\/www.mcmotylek.cz\/?p=7351","title":{"rendered":"Rt\u011bnkobran\u00ed v p\u00e1tek 11.10."},"content":{"rendered":"\n<p style=\"font-size:27px\" class=\"has-text-color has-vivid-red-color\"><strong>Podzimn\u00ed odpo\u010dinkov\u00fd den pro maminky<\/strong><br \/><strong> s kosmetikou a ob\u010derstven\u00edm<\/strong><\/p>\n\n\n\n<p style=\"font-size:25px\">P\u0159ij\u010fte i se sv\u00fdmi d\u011btmi!<\/p>\n\n\n\n<p class=\"has-background has-large-font-size has-pale-pink-background-color\"><strong>V p\u00e1tek 11. \u0159\u00edjna od 9.30<\/strong><\/p>\n\n\n\n<p class=\"has-medium-font-size\">Vstupn\u00e9 dobrovoln\u00e9<\/p>\n\n\n\n<figure class=\"wp-block-image\"><img loading=\"lazy\" width=\"750\" height=\"750\" src=\"http:\/\/www.mcmotylek.cz\/wp-content\/uploads\/2019\/09\/71072963_695918257576854_5615730143940050944_n.jpg\" alt=\"\" class=\"wp-image-7355\" srcset=\"http:\/\/www.mcmotylek.cz\/wp-content\/uploads\/2019\/09\/71072963_695918257576854_5615730143940050944_n.jpg 750w, http:\/\/www.mcmotylek.cz\/wp-content\/uploads\/2019\/09\/71072963_695918257576854_5615730143940050944_n-150x150.jpg 150w, http:\/\/www.mcmotylek.cz\/wp-content\/uploads\/2019\/09\/71072963_695918257576854_5615730143940050944_n-300x300.jpg 300w\" sizes=\"(max-width: 750px) 100vw, 750px\" \/><\/figure>\n\n\n\n<p style=\"background-color:#d1ecf7\" class=\"has-background has-medium-font-size\"><em>Nejrychlej\u0161\u00ed \u00faprava va\u0161eho vzhledu, kterou zvl\u00e1dnete za minutu je nan\u00e9st spr\u00e1vnou rt\u011bnku. Hned je vid\u011bt, \u017ee jste \u017eena, kter\u00e1 o sebe pe\u010duje.<br \/>Ale vybrat si tu spr\u00e1vnou je n\u011bkdy alchymie, proto si vyzkou\u0161\u00edte n\u011bkolik odst\u00edn\u016f a konzistenc\u00ed, a\u0165 je to skute\u010dn\u011b ta prav\u00e1.<br \/>Nau\u010d\u00edte se i spr\u00e1vnou p\u00e9\u010di o rty sv\u00e9 i o rty sv\u00fdch d\u011bt\u00ed, p\u00e9\u010di proti such\u00fdm rt\u016fm a tak\u00e9 jak barvu zafixovat na n\u011bkolik hodin .. <br \/>Rt\u011bnka je \u017eensk\u00fd sv\u011bt &#8211; u\u017eijme si ho!<\/em><\/p>\n","protected":false},"excerpt":{"rendered":"<p>Podzimn\u00ed odpo\u010dinkov\u00fd den pro maminky s kosmetikou a ob\u010derstven\u00edm P\u0159ij\u010fte i se sv\u00fdmi d\u011btmi! V p\u00e1tek 11. \u0159\u00edjna od 9.30 Vstupn\u00e9 dobrovoln\u00e9 Nejrychlej\u0161\u00ed \u00faprava va\u0161eho vzhledu, kterou zvl\u00e1dnete za minutu je nan\u00e9st spr\u00e1vnou rt\u011bnku. Hned je vid\u011bt, \u017ee jste \u017eena, kter\u00e1 o sebe pe\u010duje.Ale vybrat si tu spr\u00e1vnou je n\u011bkdy alchymie, proto si vyzkou\u0161\u00edte n\u011bkolik [&hellip;]<\/p>\n","protected":false},"author":31,"featured_media":0,"comment_status":"open","ping_status":"open","sticky":true,"template":"","format":"standard","meta":{"ngg_post_thumbnail":0},"categories":[3,1,134],"tags":[174,175],"post_mailing_queue_ids":[],"_links":{"self":[{"href":"http:\/\/www.mcmotylek.cz\/index.php?rest_route=\/wp\/v2\/posts\/7351"}],"collection":[{"href":"http:\/\/www.mcmotylek.cz\/index.php?rest_route=\/wp\/v2\/posts"}],"about":[{"href":"http:\/\/www.mcmotylek.cz\/index.php?rest_route=\/wp\/v2\/types\/post"}],"author":[{"embeddable":true,"href":"http:\/\/www.mcmotylek.cz\/index.php?rest_route=\/wp\/v2\/users\/31"}],"replies":[{"embeddable":true,"href":"http:\/\/www.mcmotylek.cz\/index.php?rest_route=%2Fwp%2Fv2%2Fcomments&post=7351"}],"version-history":[{"count":5,"href":"http:\/\/www.mcmotylek.cz\/index.php?rest_route=\/wp\/v2\/posts\/7351\/revisions"}],"predecessor-version":[{"id":7357,"href":"http:\/\/www.mcmotylek.cz\/index.php?rest_route=\/wp\/v2\/posts\/7351\/revisions\/7357"}],"wp:attachment":[{"href":"http:\/\/www.mcmotylek.cz\/index.php?rest_route=%2Fwp%2Fv2%2Fmedia&parent=7351"}],"wp:term":[{"taxonomy":"category","embeddable":true,"href":"http:\/\/www.mcmotylek.cz\/index.php?rest_route=%2Fwp%2Fv2%2Fcategories&post=7351"},{"taxonomy":"post_tag","embeddable":true,"href":"http:\/\/www.mcmotylek.cz\/index.php?rest_route=%2Fwp%2Fv2%2Ftags&post=7351"}],"curies":[{"name":"wp","href":"https:\/\/api.w.org\/{rel}","templated":true}]}}