{"id":7374,"date":"2019-10-06T10:31:17","date_gmt":"2019-10-06T09:31:17","guid":{"rendered":"http:\/\/www.mcmotylek.cz\/?p=7374"},"modified":"2019-10-06T10:31:17","modified_gmt":"2019-10-06T09:31:17","slug":"drakiada-13-10","status":"publish","type":"post","link":"http:\/\/www.mcmotylek.cz\/?p=7374","title":{"rendered":"DRAKI\u00c1DA 13.10."},"content":{"rendered":"\n<h2>V\u00e1\u017een\u00ed rodi\u010de, srde\u010dn\u011b V\u00e1s zveme na<\/h2>\n\n\n\n<p class=\"has-large-font-size\"><strong> DRAKI\u00c1DU<\/strong><\/p>\n\n\n\n<figure class=\"wp-block-image\"><img loading=\"lazy\" width=\"1024\" height=\"720\" src=\"http:\/\/www.mcmotylek.cz\/wp-content\/uploads\/2019\/10\/drak-malba-page-001-1024x720.jpg\" alt=\"\" class=\"wp-image-7379\" srcset=\"http:\/\/www.mcmotylek.cz\/wp-content\/uploads\/2019\/10\/drak-malba-page-001-1024x720.jpg 1024w, http:\/\/www.mcmotylek.cz\/wp-content\/uploads\/2019\/10\/drak-malba-page-001-300x211.jpg 300w, http:\/\/www.mcmotylek.cz\/wp-content\/uploads\/2019\/10\/drak-malba-page-001-768x540.jpg 768w, http:\/\/www.mcmotylek.cz\/wp-content\/uploads\/2019\/10\/drak-malba-page-001.jpg 1745w\" sizes=\"(max-width: 1024px) 100vw, 1024px\" \/><figcaption>Draki\u00e1da<\/figcaption><\/figure>\n\n\n\n<p style=\"background-color:#fbbdf7\" class=\"has-background has-large-font-size\"><strong>v ned\u011bli <br \/>13. \u0159\u00edjna 2019<\/strong><\/p>\n\n\n\n<p style=\"background-color:#fdc3f3\" class=\"has-background has-large-font-size\"><strong>od 15h<\/strong><\/p>\n\n\n\n<p class=\"has-medium-font-size\"><em>na louce pod lesem za M\u0160 v T\u00fdnci<\/em><\/p>\n\n\n\n<p style=\"background-color:#f4d9f3\" class=\"has-background has-medium-font-size\">STARTOVN\u00c9: 30K\u010d (p\u0159\u00edsp\u011bvek na ceny pro d\u011bti)<\/p>\n\n\n\n<h2>program:<\/h2>\n\n\n\n<ul><li> 15.00 p\u0159ihla\u0161ov\u00e1n\u00ed z\u00e1vodn\u00edk\u016f u ohn\u011b <\/li><li> 15.30 start z\u00e1vodu \u201eO Draka, kter\u00fd l\u00e9t\u00e1 nejd\u00e9le\u201c <\/li><li> 16.30 vyhl\u00e1\u0161en\u00ed v\u00fdsledk\u016f z\u00e1vodu a ud\u00edlen\u00ed cen <\/li><\/ul>\n\n\n\n<p class=\"has-medium-font-size\">V pr\u016fb\u011bhu odpoledne je k dispozici ohe\u0148 k pe\u010den\u00ed bu\u0159t\u016f<\/p>\n\n\n\n<p class=\"has-medium-font-size\">S SEBOU: DRAKA, v\u011bci k op\u00e9k\u00e1n\u00ed bu\u0159t\u016f (bu\u0159t\u00edky, chleba, ho\u0159\u010dici,\u2026)<\/p>\n\n\n\n<p class=\"has-medium-font-size\"><em>Dal\u0161\u00ed informace: <br \/>L\u00edda Klimusov\u00e1 721 140 507 <\/em><\/p>\n\n\n\n<h2>P\u0159i nep\u0159\u00edzniv\u00e9m po\u010das\u00ed se akce ru\u0161\u00ed<\/h2>\n","protected":false},"excerpt":{"rendered":"<p>Pozv\u00e1nka na draki\u00e1du<\/p>\n","protected":false},"author":31,"featured_media":7381,"comment_status":"open","ping_status":"open","sticky":true,"template":"","format":"standard","meta":{"ngg_post_thumbnail":0},"categories":[1,134],"tags":[152,149],"post_mailing_queue_ids":[],"_links":{"self":[{"href":"http:\/\/www.mcmotylek.cz\/index.php?rest_route=\/wp\/v2\/posts\/7374"}],"collection":[{"href":"http:\/\/www.mcmotylek.cz\/index.php?rest_route=\/wp\/v2\/posts"}],"about":[{"href":"http:\/\/www.mcmotylek.cz\/index.php?rest_route=\/wp\/v2\/types\/post"}],"author":[{"embeddable":true,"href":"http:\/\/www.mcmotylek.cz\/index.php?rest_route=\/wp\/v2\/users\/31"}],"replies":[{"embeddable":true,"href":"http:\/\/www.mcmotylek.cz\/index.php?rest_route=%2Fwp%2Fv2%2Fcomments&post=7374"}],"version-history":[{"count":6,"href":"http:\/\/www.mcmotylek.cz\/index.php?rest_route=\/wp\/v2\/posts\/7374\/revisions"}],"predecessor-version":[{"id":7382,"href":"http:\/\/www.mcmotylek.cz\/index.php?rest_route=\/wp\/v2\/posts\/7374\/revisions\/7382"}],"wp:featuredmedia":[{"embeddable":true,"href":"http:\/\/www.mcmotylek.cz\/index.php?rest_route=\/wp\/v2\/media\/7381"}],"wp:attachment":[{"href":"http:\/\/www.mcmotylek.cz\/index.php?rest_route=%2Fwp%2Fv2%2Fmedia&parent=7374"}],"wp:term":[{"taxonomy":"category","embeddable":true,"href":"http:\/\/www.mcmotylek.cz\/index.php?rest_route=%2Fwp%2Fv2%2Fcategories&post=7374"},{"taxonomy":"post_tag","embeddable":true,"href":"http:\/\/www.mcmotylek.cz\/index.php?rest_route=%2Fwp%2Fv2%2Ftags&post=7374"}],"curies":[{"name":"wp","href":"https:\/\/api.w.org\/{rel}","templated":true}]}}