{"id":7392,"date":"2019-10-21T09:59:27","date_gmt":"2019-10-21T08:59:27","guid":{"rendered":"http:\/\/www.mcmotylek.cz\/?p=7392"},"modified":"2019-10-21T09:59:27","modified_gmt":"2019-10-21T08:59:27","slug":"podzimni-prazdniny-v-motylku","status":"publish","type":"post","link":"http:\/\/www.mcmotylek.cz\/?p=7392","title":{"rendered":"Podzimn\u00ed pr\u00e1zdniny v Mot\u00fdlku"},"content":{"rendered":"\n<p class=\"has-medium-font-size\">V\u00e1\u017een\u00ed rodi\u010de.<\/p>\n\n\n\n<p style=\"background-color:#c7e9f7\" class=\"has-background has-large-font-size\">Od pond\u011bl\u00ed <strong>28.10. <\/strong><br \/>do st\u0159edy <strong>30.10. <\/strong><\/p>\n\n\n\n<p class=\"has-medium-font-size\">budou v Mot\u00fdlku<\/p>\n\n\n\n<p style=\"background-color:#f6d8f7\" class=\"has-text-color has-background has-large-font-size has-vivid-red-color\">PODZIMN\u00cd PR\u00c1ZDNINY<\/p>\n\n\n\n<p class=\"has-medium-font-size\">Tak\u017ee se nebudou konat pravideln\u00e9 krou\u017eky.<\/p>\n\n\n\n<p class=\"has-medium-font-size\">Za\u010dneme zas a\u017e ve \u010dtvrtek r\u00e1no Zp\u00edv\u00e1nkami.<\/p>\n\n\n\n<p class=\"has-medium-font-size\">(Krou\u017eek <strong>Fitness pro d\u011bti<\/strong>-dohodneme se te\u010f ve st\u0159edu 23.10.)<\/p>\n","protected":false},"excerpt":{"rendered":"<p>V\u00e1\u017een\u00ed rodi\u010de. Od pond\u011bl\u00ed 28.10. do st\u0159edy 30.10. budou v Mot\u00fdlku PODZIMN\u00cd PR\u00c1ZDNINY Tak\u017ee se nebudou konat pravideln\u00e9 krou\u017eky. Za\u010dneme zas a\u017e ve \u010dtvrtek r\u00e1no Zp\u00edv\u00e1nkami. (Krou\u017eek Fitness pro d\u011bti-dohodneme se te\u010f ve st\u0159edu 23.10.)<\/p>\n","protected":false},"author":31,"featured_media":0,"comment_status":"open","ping_status":"open","sticky":true,"template":"","format":"standard","meta":{"ngg_post_thumbnail":0},"categories":[1,134],"tags":[],"post_mailing_queue_ids":[],"_links":{"self":[{"href":"http:\/\/www.mcmotylek.cz\/index.php?rest_route=\/wp\/v2\/posts\/7392"}],"collection":[{"href":"http:\/\/www.mcmotylek.cz\/index.php?rest_route=\/wp\/v2\/posts"}],"about":[{"href":"http:\/\/www.mcmotylek.cz\/index.php?rest_route=\/wp\/v2\/types\/post"}],"author":[{"embeddable":true,"href":"http:\/\/www.mcmotylek.cz\/index.php?rest_route=\/wp\/v2\/users\/31"}],"replies":[{"embeddable":true,"href":"http:\/\/www.mcmotylek.cz\/index.php?rest_route=%2Fwp%2Fv2%2Fcomments&post=7392"}],"version-history":[{"count":5,"href":"http:\/\/www.mcmotylek.cz\/index.php?rest_route=\/wp\/v2\/posts\/7392\/revisions"}],"predecessor-version":[{"id":7397,"href":"http:\/\/www.mcmotylek.cz\/index.php?rest_route=\/wp\/v2\/posts\/7392\/revisions\/7397"}],"wp:attachment":[{"href":"http:\/\/www.mcmotylek.cz\/index.php?rest_route=%2Fwp%2Fv2%2Fmedia&parent=7392"}],"wp:term":[{"taxonomy":"category","embeddable":true,"href":"http:\/\/www.mcmotylek.cz\/index.php?rest_route=%2Fwp%2Fv2%2Fcategories&post=7392"},{"taxonomy":"post_tag","embeddable":true,"href":"http:\/\/www.mcmotylek.cz\/index.php?rest_route=%2Fwp%2Fv2%2Ftags&post=7392"}],"curies":[{"name":"wp","href":"https:\/\/api.w.org\/{rel}","templated":true}]}}