{"id":7403,"date":"2019-10-24T19:30:44","date_gmt":"2019-10-24T18:30:44","guid":{"rendered":"http:\/\/www.mcmotylek.cz\/?p=7403"},"modified":"2019-10-24T19:30:44","modified_gmt":"2019-10-24T18:30:44","slug":"putovani-za-svetylky-v-patek-1-11","status":"publish","type":"post","link":"http:\/\/www.mcmotylek.cz\/?p=7403","title":{"rendered":"Putov\u00e1n\u00ed za sv\u011bt\u00fdlky v p\u00e1tek 1.11."},"content":{"rendered":"\n<p class=\"has-medium-font-size\">Zveme v\u00e1s na tradi\u010dn\u00ed ve\u010dern\u00ed bojovku s n\u00e1zvem<\/p>\n\n\n\n<p style=\"background-color:#bcddeb\" class=\"has-background has-large-font-size\"><strong>VE\u010cERN\u00cd PUTOV\u00c1N\u00cd ZA SV\u011aT\u00ddLKY<\/strong><\/p>\n\n\n\n<p class=\"has-large-font-size\">v p\u00e1tek 1.11.2019 <br \/>od 18.00 hod.<\/p>\n\n\n\n<p style=\"background-color:#f1d6f4\" class=\"has-background has-medium-font-size\">Sraz je u lesa za M\u0160, odkud spole\u010dn\u011b p\u016fjdeme na poh\u00e1dkovou stezku se sv\u011bt\u00fdlky.<br \/>Pokud budeme m\u00edt \u0161t\u011bst\u00ed, uvid\u00edme tan\u010dit i v\u00edly \ud83d\ude42<\/p>\n\n\n\n<p class=\"has-medium-font-size\">Ka\u017ed\u00fd odv\u00e1\u017en\u00fd \u00fa\u010dastn\u00edk obdr\u017e\u00ed malou odm\u011bnu:-)<\/p>\n\n\n\n<p class=\"has-medium-font-size\">S sebou si vezm\u011bte tepl\u00e9 oble\u010den\u00ed a baterku!<\/p>\n\n\n\n<p style=\"background-color:#f7f3c9\" class=\"has-background has-medium-font-size\">Vstupn\u00e9 50,-K\u010d za d\u00edt\u011b<br \/>pro \u010dleny MC 40,-K\u010d <br \/><em>(nebo mohou vyu\u017e\u00edt akci zdarma v r\u00e1mci \u010dlenstv\u00ed)<\/em><\/p>\n\n\n\n<p class=\"has-medium-font-size\">Kontakt: Katka Pikousov\u00e1, <br \/>tel. 602 633 410, <a>info@mcmotylek.cz<\/a><\/p>\n","protected":false},"excerpt":{"rendered":"<p>Zveme v\u00e1s na tradi\u010dn\u00ed ve\u010dern\u00ed bojovku s n\u00e1zvem VE\u010cERN\u00cd PUTOV\u00c1N\u00cd ZA SV\u011aT\u00ddLKY v p\u00e1tek 1.11.2019 od 18.00 hod. Sraz je u lesa za M\u0160, odkud spole\u010dn\u011b p\u016fjdeme na poh\u00e1dkovou stezku se sv\u011bt\u00fdlky.Pokud budeme m\u00edt \u0161t\u011bst\u00ed, uvid\u00edme tan\u010dit i v\u00edly \ud83d\ude42 Ka\u017ed\u00fd odv\u00e1\u017en\u00fd \u00fa\u010dastn\u00edk obdr\u017e\u00ed malou odm\u011bnu:-) S sebou si vezm\u011bte tepl\u00e9 oble\u010den\u00ed a baterku! Vstupn\u00e9 [&hellip;]<\/p>\n","protected":false},"author":31,"featured_media":0,"comment_status":"open","ping_status":"open","sticky":true,"template":"","format":"standard","meta":{"ngg_post_thumbnail":0},"categories":[1,134],"tags":[143],"post_mailing_queue_ids":[],"_links":{"self":[{"href":"http:\/\/www.mcmotylek.cz\/index.php?rest_route=\/wp\/v2\/posts\/7403"}],"collection":[{"href":"http:\/\/www.mcmotylek.cz\/index.php?rest_route=\/wp\/v2\/posts"}],"about":[{"href":"http:\/\/www.mcmotylek.cz\/index.php?rest_route=\/wp\/v2\/types\/post"}],"author":[{"embeddable":true,"href":"http:\/\/www.mcmotylek.cz\/index.php?rest_route=\/wp\/v2\/users\/31"}],"replies":[{"embeddable":true,"href":"http:\/\/www.mcmotylek.cz\/index.php?rest_route=%2Fwp%2Fv2%2Fcomments&post=7403"}],"version-history":[{"count":6,"href":"http:\/\/www.mcmotylek.cz\/index.php?rest_route=\/wp\/v2\/posts\/7403\/revisions"}],"predecessor-version":[{"id":7409,"href":"http:\/\/www.mcmotylek.cz\/index.php?rest_route=\/wp\/v2\/posts\/7403\/revisions\/7409"}],"wp:attachment":[{"href":"http:\/\/www.mcmotylek.cz\/index.php?rest_route=%2Fwp%2Fv2%2Fmedia&parent=7403"}],"wp:term":[{"taxonomy":"category","embeddable":true,"href":"http:\/\/www.mcmotylek.cz\/index.php?rest_route=%2Fwp%2Fv2%2Fcategories&post=7403"},{"taxonomy":"post_tag","embeddable":true,"href":"http:\/\/www.mcmotylek.cz\/index.php?rest_route=%2Fwp%2Fv2%2Ftags&post=7403"}],"curies":[{"name":"wp","href":"https:\/\/api.w.org\/{rel}","templated":true}]}}