{"id":7682,"date":"2019-11-01T10:11:43","date_gmt":"2019-11-01T09:11:43","guid":{"rendered":"http:\/\/www.mcmotylek.cz\/?p=7682"},"modified":"2019-11-01T10:11:43","modified_gmt":"2019-11-01T09:11:43","slug":"svatomartinsky-lampionovy-pruvod-v-pondeli-11-11-2019","status":"publish","type":"post","link":"http:\/\/www.mcmotylek.cz\/?p=7682","title":{"rendered":"Svatomartinsk\u00fd lampionov\u00fd pr\u016fvod v pond\u011bl\u00ed 11.11. 2019"},"content":{"rendered":"\n<figure class=\"wp-block-image\"><img loading=\"lazy\" width=\"629\" height=\"316\" src=\"http:\/\/www.mcmotylek.cz\/wp-content\/uploads\/2019\/11\/svato-1.jpg\" alt=\"\" class=\"wp-image-7689\" srcset=\"http:\/\/www.mcmotylek.cz\/wp-content\/uploads\/2019\/11\/svato-1.jpg 629w, http:\/\/www.mcmotylek.cz\/wp-content\/uploads\/2019\/11\/svato-1-300x151.jpg 300w\" sizes=\"(max-width: 629px) 100vw, 629px\" \/><\/figure>\n\n\n\n<p class=\"has-medium-font-size\">Pr\u016fvod v \u010dele se Svat\u00fdm Martinem na b\u00edl\u00e9m koni vych\u00e1z\u00ed    <\/p>\n\n\n\n<p style=\"background-color:#cae1ee\" class=\"has-background has-large-font-size\"><strong>v pond\u011bl\u00ed <\/strong><br \/><strong>11. listopadu<\/strong><\/p>\n\n\n\n<p style=\"background-color:#f4c7e2\" class=\"has-background has-large-font-size\"><strong>v 17:00 <\/strong><br \/><strong>od MC Mot\u00fdlek <\/strong><\/p>\n\n\n\n<p class=\"has-medium-font-size\">a poputuje do zahrady Spole\u010densk\u00e9ho centra.<\/p>\n\n\n\n<p class=\"has-text-color has-medium-font-size has-vivid-cyan-blue-color\">Program v zahrad\u011b:<br \/><em>* sezn\u00e1men\u00ed s legendou o Svat\u00e9m Martinovi<br \/>* vystoupen\u00ed folkl\u00f3rn\u00edho souboru Kam\u00fd\u010dek<br \/>* p\u011bveck\u00e9 vystoupen\u00ed pro d\u011bti v pod\u00e1n\u00ed Kate\u0159iny \u0160evidov\u00e9<br \/>* tradi\u010dn\u00ed svatomartinsk\u00e9 rohl\u00ed\u010dky a tepl\u00fd \u010daj<br \/>* na m\u00edst\u011b bude ho\u0159et ohe\u0148 <br \/>         \u2013 mo\u017enost ope\u010den\u00ed vlastn\u00edch bu\u0159t\u016f<br \/>* programem bude prov\u00e1zet M\u00ed\u0161a P\u0159\u00edkopov\u00e1 a Marek Svoboda<\/em><\/p>\n\n\n\n<p class=\"has-medium-font-size\">P\u0159\u00edsp\u011bvek na akci je 30 K\u010d na osobu (d\u011bti do 1 roku zdarma)<\/p>\n\n\n\n<p><\/p>\n","protected":false},"excerpt":{"rendered":"<p>Pr\u016fvod v \u010dele se Svat\u00fdm Martinem na b\u00edl\u00e9m koni vych\u00e1z\u00ed v pond\u011bl\u00ed 11. listopadu v 17:00 od MC Mot\u00fdlek a poputuje do zahrady Spole\u010densk\u00e9ho centra. Program v zahrad\u011b:* sezn\u00e1men\u00ed s legendou o Svat\u00e9m Martinovi* vystoupen\u00ed folkl\u00f3rn\u00edho souboru Kam\u00fd\u010dek* p\u011bveck\u00e9 vystoupen\u00ed pro d\u011bti v pod\u00e1n\u00ed Kate\u0159iny \u0160evidov\u00e9* tradi\u010dn\u00ed svatomartinsk\u00e9 rohl\u00ed\u010dky a tepl\u00fd \u010daj* na m\u00edst\u011b bude [&hellip;]<\/p>\n","protected":false},"author":31,"featured_media":0,"comment_status":"open","ping_status":"open","sticky":true,"template":"","format":"standard","meta":{"ngg_post_thumbnail":0},"categories":[1,134],"tags":[129],"post_mailing_queue_ids":[],"_links":{"self":[{"href":"http:\/\/www.mcmotylek.cz\/index.php?rest_route=\/wp\/v2\/posts\/7682"}],"collection":[{"href":"http:\/\/www.mcmotylek.cz\/index.php?rest_route=\/wp\/v2\/posts"}],"about":[{"href":"http:\/\/www.mcmotylek.cz\/index.php?rest_route=\/wp\/v2\/types\/post"}],"author":[{"embeddable":true,"href":"http:\/\/www.mcmotylek.cz\/index.php?rest_route=\/wp\/v2\/users\/31"}],"replies":[{"embeddable":true,"href":"http:\/\/www.mcmotylek.cz\/index.php?rest_route=%2Fwp%2Fv2%2Fcomments&post=7682"}],"version-history":[{"count":7,"href":"http:\/\/www.mcmotylek.cz\/index.php?rest_route=\/wp\/v2\/posts\/7682\/revisions"}],"predecessor-version":[{"id":7691,"href":"http:\/\/www.mcmotylek.cz\/index.php?rest_route=\/wp\/v2\/posts\/7682\/revisions\/7691"}],"wp:attachment":[{"href":"http:\/\/www.mcmotylek.cz\/index.php?rest_route=%2Fwp%2Fv2%2Fmedia&parent=7682"}],"wp:term":[{"taxonomy":"category","embeddable":true,"href":"http:\/\/www.mcmotylek.cz\/index.php?rest_route=%2Fwp%2Fv2%2Fcategories&post=7682"},{"taxonomy":"post_tag","embeddable":true,"href":"http:\/\/www.mcmotylek.cz\/index.php?rest_route=%2Fwp%2Fv2%2Ftags&post=7682"}],"curies":[{"name":"wp","href":"https:\/\/api.w.org\/{rel}","templated":true}]}}