{"id":7744,"date":"2019-12-12T21:20:03","date_gmt":"2019-12-12T20:20:03","guid":{"rendered":"http:\/\/www.mcmotylek.cz\/?p=7744"},"modified":"2019-12-12T21:20:03","modified_gmt":"2019-12-12T20:20:03","slug":"disney-ples-v-nedeli-19-ledna","status":"publish","type":"post","link":"http:\/\/www.mcmotylek.cz\/?p=7744","title":{"rendered":"DISNEY PLES v ned\u011bli 19.ledna"},"content":{"rendered":"\n<p style=\"background-color:#f0bdc6\" class=\"has-background has-medium-font-size\"><strong>V NED\u011aLI 19.LEDNA<br \/>15.00 &#8211; 17.00<br \/>Ve Spole\u010densk\u00e9m centru v T\u00fdnci nad S\u00e1zavou<\/strong><br \/><\/p>\n\n\n\n<p class=\"has-text-color has-medium-font-size has-vivid-red-color\">Cena <strong>100 K\u010d<\/strong> \/ osobu<\/p>\n\n\n\n<p class=\"has-text-color has-medium-font-size has-vivid-red-color\"><strong>80 K\u010d<\/strong>\/ pro \u010dleny MC Mot\u00fdlek<\/p>\n\n\n\n<p class=\"has-text-color has-medium-font-size has-vivid-red-color\"><strong>(D\u011bti do 2 let ZDARMA)<\/strong><\/p>\n\n\n\n<p class=\"has-medium-font-size\">T\u00e9matem leto\u0161n\u00edho plesu je cel\u00fd <em><strong>DISNEY<\/strong><\/em><strong> sv\u011bt<\/strong><\/p>\n\n\n\n<figure class=\"wp-block-image\"><img loading=\"lazy\" width=\"1024\" height=\"576\" src=\"http:\/\/www.mcmotylek.cz\/wp-content\/uploads\/2019\/12\/disney_646x363-1024x576.jpg\" alt=\"\" class=\"wp-image-7754\" srcset=\"http:\/\/www.mcmotylek.cz\/wp-content\/uploads\/2019\/12\/disney_646x363-1024x576.jpg 1024w, http:\/\/www.mcmotylek.cz\/wp-content\/uploads\/2019\/12\/disney_646x363-300x169.jpg 300w, http:\/\/www.mcmotylek.cz\/wp-content\/uploads\/2019\/12\/disney_646x363-768x432.jpg 768w, http:\/\/www.mcmotylek.cz\/wp-content\/uploads\/2019\/12\/disney_646x363.jpg 1800w\" sizes=\"(max-width: 1024px) 100vw, 1024px\" \/><\/figure>\n\n\n\n<p class=\"has-medium-font-size\">Seznam, kdo sem pat\u0159\u00ed:<\/p>\n\n\n\n<ul><li><em>Mickey Mouse + Minnie + Ka\u010der Donald&#8230;.<\/em><\/li><li><em>Sn\u011bhurka<\/em><\/li><li><em>Popelka<\/em><\/li><li><em>\u0160\u00edpkov\u00e1 R\u016f\u017eenka<\/em><\/li><li><em>Kniha d\u017eungl\u00ed<\/em><\/li><li><em>Petr Pan<\/em><\/li><li><em>Mal\u00e1 mo\u0159sk\u00e1 v\u00edla<\/em><\/li><li><em>Aladin<\/em><\/li><li><em>Kr\u00e1ska a Zv\u00ed\u0159e<\/em><\/li><li><em>Lv\u00ed kr\u00e1l<\/em><\/li><li><em>Na Vl\u00e1sku<\/em><\/li><li><em>Princezna Sofie<\/em><\/li><li><em>Ledov\u00e9 kr\u00e1lovstv\u00ed<\/em><\/li><li><em>Odv\u00e1\u017en\u00e1 Vaiana-legenda o konci sv\u011bta<\/em><\/li><li><em>Coco<\/em><\/li><li><em>Ratatouille<\/em><\/li><li><em>101 dalmatin\u016f<\/em><\/li><li><em>Mary Poppins<\/em><\/li><li><em>Alenka v \u0159\u00ed\u0161i div\u016f<\/em><\/li><li><em>Pir\u00e1ti z karibiku<\/em><\/li><li><em>Avengers<\/em><\/li><li><em>Star Wars<\/em><\/li><li><em>a mnoho dal\u0161\u00edch<\/em><\/li><\/ul>\n\n\n\n<figure class=\"wp-block-image\"><img loading=\"lazy\" width=\"526\" height=\"643\" src=\"http:\/\/www.mcmotylek.cz\/wp-content\/uploads\/2019\/12\/44CE4326-7845-11.jpg\" alt=\"\" class=\"wp-image-7755\" srcset=\"http:\/\/www.mcmotylek.cz\/wp-content\/uploads\/2019\/12\/44CE4326-7845-11.jpg 526w, http:\/\/www.mcmotylek.cz\/wp-content\/uploads\/2019\/12\/44CE4326-7845-11-245x300.jpg 245w\" sizes=\"(max-width: 526px) 100vw, 526px\" \/><\/figure>\n\n\n\n<p class=\"has-medium-font-size\">M\u016f\u017eete se t\u011b\u0161it na <br \/><strong>*sout\u011b\u017ee pro d\u011bti<\/strong><br \/><strong>*d\u011btsk\u00fd koutek pro nejmen\u0161\u00ed<\/strong><br \/><strong>*samoz\u0159ejm\u011b se zde bude tan\u010dit s\u00a0velkou Elzou a Annou a mo\u017en\u00e1 potk\u00e1te i dal\u0161\u00ed zn\u00e1m\u00e9 postavy <br \/><\/strong><\/p>\n\n\n\n<p style=\"background-color:#acfdaf\" class=\"has-background has-medium-font-size\">Nezapome\u0148te:<br \/><strong> -vhodnou obuv<\/strong><br \/><strong> -kost\u00fdm nebo spole\u010densk\u00e9 \u0161aty <\/strong><br \/><strong> -pro d\u011bti i pro sebe<\/strong><\/p>\n\n\n\n<p style=\"background-color:#f2cf88\" class=\"has-background has-medium-font-size\">Berte tento ples jako spole\u010dnou akci pro V\u00e1s a Va\u0161e d\u011bti. <br \/>U\u017eijte si to nafint\u011bn\u00ed ve slavnostn\u00edm obleku \u010di v kost\u00fdmu obl\u00edben\u00e9 poh\u00e1dkov\u00e9 postavy.<\/p>\n\n\n\n<p class=\"has-medium-font-size\">Pro v\u00edce informac\u00ed pi\u0161te na <a href=\"info@mcmotylek.cz\"><strong>info@mcmotylek.cz<\/strong><\/a><br \/>P\u00e1trejte v <a href=\"https:\/\/www.facebook.com\/events\/1008418042829551\/\"><strong>ud\u00e1losti <\/strong><\/a>na facebooku<br \/>Nebo volejte L\u00edd\u011b Klimusov\u00e9 na telefon 721 140 507<\/p>\n\n\n\n<figure class=\"wp-block-image\"><img loading=\"lazy\" width=\"539\" height=\"630\" src=\"http:\/\/www.mcmotylek.cz\/wp-content\/uploads\/2019\/12\/33978f17b88b4cb254bb1851e8903de0.png\" alt=\"\" class=\"wp-image-7756\" srcset=\"http:\/\/www.mcmotylek.cz\/wp-content\/uploads\/2019\/12\/33978f17b88b4cb254bb1851e8903de0.png 539w, http:\/\/www.mcmotylek.cz\/wp-content\/uploads\/2019\/12\/33978f17b88b4cb254bb1851e8903de0-257x300.png 257w\" sizes=\"(max-width: 539px) 100vw, 539px\" \/><\/figure>\n\n\n\n<p class=\"has-medium-font-size\"><a aria-label=\" (otev\u0159e se na nov\u00e9 z\u00e1lo\u017ece)\" rel=\"noreferrer noopener\" href=\"http:\/\/www.mcmotylek.cz\/?attachment_id=7747\" target=\"_blank\">PLAK\u00c1T PLES<\/a><\/p>\n\n\n\n<p><br \/><br \/><\/p>\n","protected":false},"excerpt":{"rendered":"<p>V NED\u011aLI 19.LEDNA15.00 &#8211; 17.00Ve Spole\u010densk\u00e9m centru v T\u00fdnci nad S\u00e1zavou Cena 100 K\u010d \/ osobu 80 K\u010d\/ pro \u010dleny MC Mot\u00fdlek (D\u011bti do 2 let ZDARMA) T\u00e9matem leto\u0161n\u00edho plesu je cel\u00fd DISNEY sv\u011bt Seznam, kdo sem pat\u0159\u00ed: Mickey Mouse + Minnie + Ka\u010der Donald&#8230;. Sn\u011bhurka Popelka \u0160\u00edpkov\u00e1 R\u016f\u017eenka Kniha d\u017eungl\u00ed Petr Pan Mal\u00e1 mo\u0159sk\u00e1 [&hellip;]<\/p>\n","protected":false},"author":31,"featured_media":0,"comment_status":"open","ping_status":"open","sticky":true,"template":"","format":"standard","meta":{"ngg_post_thumbnail":0},"categories":[3,1,134],"tags":[158,184,185,183],"post_mailing_queue_ids":[],"_links":{"self":[{"href":"http:\/\/www.mcmotylek.cz\/index.php?rest_route=\/wp\/v2\/posts\/7744"}],"collection":[{"href":"http:\/\/www.mcmotylek.cz\/index.php?rest_route=\/wp\/v2\/posts"}],"about":[{"href":"http:\/\/www.mcmotylek.cz\/index.php?rest_route=\/wp\/v2\/types\/post"}],"author":[{"embeddable":true,"href":"http:\/\/www.mcmotylek.cz\/index.php?rest_route=\/wp\/v2\/users\/31"}],"replies":[{"embeddable":true,"href":"http:\/\/www.mcmotylek.cz\/index.php?rest_route=%2Fwp%2Fv2%2Fcomments&post=7744"}],"version-history":[{"count":10,"href":"http:\/\/www.mcmotylek.cz\/index.php?rest_route=\/wp\/v2\/posts\/7744\/revisions"}],"predecessor-version":[{"id":7760,"href":"http:\/\/www.mcmotylek.cz\/index.php?rest_route=\/wp\/v2\/posts\/7744\/revisions\/7760"}],"wp:attachment":[{"href":"http:\/\/www.mcmotylek.cz\/index.php?rest_route=%2Fwp%2Fv2%2Fmedia&parent=7744"}],"wp:term":[{"taxonomy":"category","embeddable":true,"href":"http:\/\/www.mcmotylek.cz\/index.php?rest_route=%2Fwp%2Fv2%2Fcategories&post=7744"},{"taxonomy":"post_tag","embeddable":true,"href":"http:\/\/www.mcmotylek.cz\/index.php?rest_route=%2Fwp%2Fv2%2Ftags&post=7744"}],"curies":[{"name":"wp","href":"https:\/\/api.w.org\/{rel}","templated":true}]}}