{"id":7761,"date":"2019-12-16T12:03:19","date_gmt":"2019-12-16T11:03:19","guid":{"rendered":"http:\/\/www.mcmotylek.cz\/?p=7761"},"modified":"2019-12-16T12:03:19","modified_gmt":"2019-12-16T11:03:19","slug":"vanoce-v-lese","status":"publish","type":"post","link":"http:\/\/www.mcmotylek.cz\/?p=7761","title":{"rendered":"V\u00c1NOCE V LESE"},"content":{"rendered":"\n<p><strong> <\/strong><\/p>\n\n\n\n<p style=\"text-align:left\" class=\"has-background has-large-font-size has-pale-pink-background-color\"><strong>V\u00a0ned\u011bli 22.12.2019<\/strong><\/p>\n\n\n\n<figure class=\"wp-block-image\"><img loading=\"lazy\" width=\"202\" height=\"250\" src=\"http:\/\/www.mcmotylek.cz\/wp-content\/uploads\/2016\/12\/images.png\" alt=\"\" class=\"wp-image-5104\"\/><\/figure>\n\n\n\n<p class=\"has-medium-font-size\"><strong>Myslete o V\u00e1noc\u00edch na druh\u00e9 a poj\u010fte s n\u00e1mi ozdobit\nstrome\u010dek lesn\u00edm zv\u00ed\u0159\u00e1tk\u016fm.<\/strong><\/p>\n\n\n\n<p class=\"has-medium-font-size\"><strong>Budeme zdobit ka\u0161tany, \u017ealudy, tvrd\u00fdm pe\u010divem, zeleninou a\novocem, v\u00edtan\u00e1 jsou i sem\u00ednka pro pt\u00e1\u010dky!<\/strong><\/p>\n\n\n\n<p class=\"has-medium-font-size\"><strong>A\u017e strome\u010dek nazdob\u00edme, spole\u010dn\u011b si zazp\u00edv\u00e1me koledy a n\u011bco si zahrajeme.<\/strong><\/p>\n\n\n\n<p class=\"has-background has-large-font-size has-pale-pink-background-color\"><strong>Sraz je ve 9:30 <\/strong><br \/><strong>u MC MOT\u00ddLEK<\/strong><\/p>\n\n\n\n<p class=\"has-medium-font-size\"><strong>Kontakt: <\/strong><br \/><strong>Michaela Kr\u00e1sov\u00e1 <\/strong><br \/><strong>734 126\u00a0251<\/strong><\/p>\n","protected":false},"excerpt":{"rendered":"<p>V\u00a0ned\u011bli 22.12.2019 Myslete o V\u00e1noc\u00edch na druh\u00e9 a poj\u010fte s n\u00e1mi ozdobit strome\u010dek lesn\u00edm zv\u00ed\u0159\u00e1tk\u016fm. Budeme zdobit ka\u0161tany, \u017ealudy, tvrd\u00fdm pe\u010divem, zeleninou a ovocem, v\u00edtan\u00e1 jsou i sem\u00ednka pro pt\u00e1\u010dky! A\u017e strome\u010dek nazdob\u00edme, spole\u010dn\u011b si zazp\u00edv\u00e1me koledy a n\u011bco si zahrajeme. Sraz je ve 9:30 u MC MOT\u00ddLEK Kontakt: Michaela Kr\u00e1sov\u00e1 734 126\u00a0251<\/p>\n","protected":false},"author":31,"featured_media":0,"comment_status":"open","ping_status":"open","sticky":true,"template":"","format":"standard","meta":{"ngg_post_thumbnail":0},"categories":[1,134],"tags":[76],"post_mailing_queue_ids":[],"_links":{"self":[{"href":"http:\/\/www.mcmotylek.cz\/index.php?rest_route=\/wp\/v2\/posts\/7761"}],"collection":[{"href":"http:\/\/www.mcmotylek.cz\/index.php?rest_route=\/wp\/v2\/posts"}],"about":[{"href":"http:\/\/www.mcmotylek.cz\/index.php?rest_route=\/wp\/v2\/types\/post"}],"author":[{"embeddable":true,"href":"http:\/\/www.mcmotylek.cz\/index.php?rest_route=\/wp\/v2\/users\/31"}],"replies":[{"embeddable":true,"href":"http:\/\/www.mcmotylek.cz\/index.php?rest_route=%2Fwp%2Fv2%2Fcomments&post=7761"}],"version-history":[{"count":3,"href":"http:\/\/www.mcmotylek.cz\/index.php?rest_route=\/wp\/v2\/posts\/7761\/revisions"}],"predecessor-version":[{"id":7764,"href":"http:\/\/www.mcmotylek.cz\/index.php?rest_route=\/wp\/v2\/posts\/7761\/revisions\/7764"}],"wp:attachment":[{"href":"http:\/\/www.mcmotylek.cz\/index.php?rest_route=%2Fwp%2Fv2%2Fmedia&parent=7761"}],"wp:term":[{"taxonomy":"category","embeddable":true,"href":"http:\/\/www.mcmotylek.cz\/index.php?rest_route=%2Fwp%2Fv2%2Fcategories&post=7761"},{"taxonomy":"post_tag","embeddable":true,"href":"http:\/\/www.mcmotylek.cz\/index.php?rest_route=%2Fwp%2Fv2%2Ftags&post=7761"}],"curies":[{"name":"wp","href":"https:\/\/api.w.org\/{rel}","templated":true}]}}