{"id":7774,"date":"2020-01-10T12:49:31","date_gmt":"2020-01-10T11:49:31","guid":{"rendered":"http:\/\/www.mcmotylek.cz\/?p=7774"},"modified":"2020-01-10T12:49:31","modified_gmt":"2020-01-10T11:49:31","slug":"vylet-do-kina-na-pasmo-pohadek-krtecek-24-1-2020","status":"publish","type":"post","link":"http:\/\/www.mcmotylek.cz\/?p=7774","title":{"rendered":"V\u00fdlet do kina na p\u00e1smo poh\u00e1dek KRTE\u010cEK   24.1.2020"},"content":{"rendered":"\n<p>V\u00fdlet do kina na p\u00e1smo poh\u00e1dek KRTE\u010cEK<\/p>\n\n\n\n<p>KDY: 24.1.2020 <\/p>\n\n\n\n<p>Sraz na vlakov\u00e9m n\u00e1dra\u017e\u00ed v&nbsp;8.25. Vlak odj\u00ed\u017ed\u00ed 8.39\nhodin, pojedeme do kina v \u010cer\u010danech<\/p>\n\n\n\n<p>N\u00e1vrat bude v&nbsp;12.20 hodin zp\u011bt do T\u00fdnce nad S\u00e1zavou<\/p>\n\n\n\n<p><a href=\"http:\/\/www.pohadkar.cz\/pohadka\/o-krtkovi\/\"><\/a><\/p>\n\n\n\n<figure class=\"wp-block-image\"><img loading=\"lazy\" width=\"375\" height=\"280\" src=\"http:\/\/www.mcmotylek.cz\/wp-content\/uploads\/2020\/01\/krte\u010dek.png\" alt=\"\" class=\"wp-image-7775\" srcset=\"http:\/\/www.mcmotylek.cz\/wp-content\/uploads\/2020\/01\/krte\u010dek.png 375w, http:\/\/www.mcmotylek.cz\/wp-content\/uploads\/2020\/01\/krte\u010dek-300x224.png 300w\" sizes=\"(max-width: 375px) 100vw, 375px\" \/><\/figure>\n\n\n\n<p>S&nbsp;sebou si vezm\u011bte sva\u010dinku, pit\u00ed a dobrou n\u00e1ladu. Rad\u011bji i teple\nd\u011bti oble\u010dte. <\/p>\n\n\n\n<p>Nev\u00edme, zda stihneme kav\u00e1rnu. <\/p>\n\n\n\n<p>P\u0159edstaven\u00ed m\u00e1me objednan\u00e9 speci\u00e1ln\u011b pro n\u00e1s a dal\u0161\u00ed skupinu, proto je\nnutn\u00e9 rezervovat.<\/p>\n\n\n\n<p>NUTN\u00c1 REZERVACE NA <a href=\"mailto:INFO@MCMOTYLEK.CZ\">INFO@MCMOTYLEK.CZ<\/a>\nnebo KATKA PIKOUSOV\u00c1 602&nbsp;633&nbsp;410 \u2013 smskou<\/p>\n","protected":false},"excerpt":{"rendered":"<p>V\u00fdlet do kina na p\u00e1smo poh\u00e1dek KRTE\u010cEK KDY: 24.1.2020 Sraz na vlakov\u00e9m n\u00e1dra\u017e\u00ed v&nbsp;8.25. Vlak odj\u00ed\u017ed\u00ed 8.39 hodin, pojedeme do kina v \u010cer\u010danech N\u00e1vrat bude v&nbsp;12.20 hodin zp\u011bt do T\u00fdnce nad S\u00e1zavou S&nbsp;sebou si vezm\u011bte sva\u010dinku, pit\u00ed a dobrou n\u00e1ladu. Rad\u011bji i teple d\u011bti oble\u010dte. Nev\u00edme, zda stihneme kav\u00e1rnu. P\u0159edstaven\u00ed m\u00e1me objednan\u00e9 speci\u00e1ln\u011b pro n\u00e1s [&hellip;]<\/p>\n","protected":false},"author":29,"featured_media":0,"comment_status":"open","ping_status":"open","sticky":true,"template":"","format":"standard","meta":{"ngg_post_thumbnail":0},"categories":[3,1,134],"tags":[],"post_mailing_queue_ids":[],"_links":{"self":[{"href":"http:\/\/www.mcmotylek.cz\/index.php?rest_route=\/wp\/v2\/posts\/7774"}],"collection":[{"href":"http:\/\/www.mcmotylek.cz\/index.php?rest_route=\/wp\/v2\/posts"}],"about":[{"href":"http:\/\/www.mcmotylek.cz\/index.php?rest_route=\/wp\/v2\/types\/post"}],"author":[{"embeddable":true,"href":"http:\/\/www.mcmotylek.cz\/index.php?rest_route=\/wp\/v2\/users\/29"}],"replies":[{"embeddable":true,"href":"http:\/\/www.mcmotylek.cz\/index.php?rest_route=%2Fwp%2Fv2%2Fcomments&post=7774"}],"version-history":[{"count":1,"href":"http:\/\/www.mcmotylek.cz\/index.php?rest_route=\/wp\/v2\/posts\/7774\/revisions"}],"predecessor-version":[{"id":7776,"href":"http:\/\/www.mcmotylek.cz\/index.php?rest_route=\/wp\/v2\/posts\/7774\/revisions\/7776"}],"wp:attachment":[{"href":"http:\/\/www.mcmotylek.cz\/index.php?rest_route=%2Fwp%2Fv2%2Fmedia&parent=7774"}],"wp:term":[{"taxonomy":"category","embeddable":true,"href":"http:\/\/www.mcmotylek.cz\/index.php?rest_route=%2Fwp%2Fv2%2Fcategories&post=7774"},{"taxonomy":"post_tag","embeddable":true,"href":"http:\/\/www.mcmotylek.cz\/index.php?rest_route=%2Fwp%2Fv2%2Ftags&post=7774"}],"curies":[{"name":"wp","href":"https:\/\/api.w.org\/{rel}","templated":true}]}}