{"id":7926,"date":"2020-04-05T19:16:59","date_gmt":"2020-04-05T18:16:59","guid":{"rendered":"http:\/\/www.mcmotylek.cz\/?p=7926"},"modified":"2020-04-05T19:16:59","modified_gmt":"2020-04-05T18:16:59","slug":"vytvarna-soutez-2","status":"publish","type":"post","link":"http:\/\/www.mcmotylek.cz\/?p=7926","title":{"rendered":"V\u00fdtvarn\u00e1 sout\u011b\u017e"},"content":{"rendered":"\n<p><strong>MC Mot\u00fdlek vyhla\u0161uje <\/strong><\/p>\n\n\n\n<p class=\"has-medium-font-size\"><strong>V\u00ddTVARNOU SOUT\u011a\u017d<\/strong><\/p>\n\n\n\n<p style=\"background-color:#cbebf9;font-size:30px\" class=\"has-background\"><strong>KARANT\u00c9NA<\/strong><br \/><\/p>\n\n\n\n<p class=\"has-medium-font-size\"><strong>Mil\u00e9 d\u011bti maminky a p\u0159\u00e1tel\u00e9 mot\u00fdlku, jeliko\u017e n\u00e1m sou\u010dasn\u00fd stav nouzov\u00e9ho opat\u0159en\u00ed vl\u00e1dy \u010cR neumo\u017e\u0148uje se setk\u00e1vat na hern\u00e1ch a akc\u00edch MC Mot\u00fdlek p\u0159ipravili jsme pro v\u00e1s v\u00fdtvarnou sout\u011b\u017e o ceny.\u00a0<\/strong><\/p>\n\n\n\n<p class=\"has-medium-font-size\"><strong>Poj\u010fme si sednout s\u00a0d\u011btmi a malovat, voln\u00fd \u010das, kter\u00e9ho v\u00a0sou\u010dasn\u00fdch dnech m\u00e1me v\u00edc, ne\u017e d\u0159\u00edv m\u016f\u017eeme v\u011bnovat pr\u00e1v\u011b rodin\u011b a na\u0161im nejmen\u0161\u00edm, tak poj\u010fme toho vyu\u017e\u00edt a malovat spole\u010dn\u011b s\u00a0d\u011btmi.\u00a0<\/strong><\/p>\n\n\n\n<p class=\"has-medium-font-size\"><strong>Po 4 t\u00fddny V\u00e1m p\u0159edstav\u00edme 4 d\u00edl\u010d\u00ed t\u00e9mata.<\/strong><\/p>\n\n\n\n<p style=\"font-size:25px\"><strong>Pravidla sout\u011b\u017ee:<\/strong><\/p>\n\n\n\n<p style=\"background-color:#eaffb5\" class=\"has-text-color has-background has-medium-font-size has-vivid-red-color\"><strong>Vyhl\u00e1\u0161en\u00ed t\u00e9matu bude ka\u017ed\u00e9 pond\u011bl\u00ed, za\u010d\u00edn\u00e1me z\u00edtra tj. 6.dubna.<\/strong><\/p>\n\n\n\n<p style=\"background-color:#eaffb5\" class=\"has-text-color has-background has-medium-font-size has-vivid-red-color\"><strong>T\u00e9ma bude na webov\u00fdch str\u00e1nk\u00e1ch a na FB.<\/strong><\/p>\n\n\n\n<p style=\"background-color:#eaffb5\" class=\"has-text-color has-background has-medium-font-size has-vivid-red-color\"><strong>Techniku malov\u00e1n\u00ed si m\u016f\u017eete zvolit sami \u2013 pastelky, barvy, tempery je to zcela na v\u00e1s.<\/strong><\/p>\n\n\n\n<p style=\"background-color:#eaffb5\" class=\"has-text-color has-background has-medium-font-size has-vivid-red-color\"><strong>Term\u00edn odevzd\u00e1n\u00ed prac\u00ed bude v\u017edy do\u00a0p\u00e1tku 12h stejn\u00e9ho t\u00fddne, kdy bylo t\u00e9ma vyhl\u00e1\u0161eno.<\/strong><\/p>\n\n\n\n<p style=\"background-color:#eaffb5\" class=\"has-text-color has-background has-medium-font-size has-vivid-red-color\"><strong>M\u00edsto kam m\u016f\u017eete sv\u00e9 obr\u00e1zky odevzd\u00e1vat je M\u011bU T\u00fdnec nad S\u00e1zavou \u2013 p\u0159ed vchodem bude um\u00edst\u011bna v\u017edy v\u00a0pond\u011bl\u00ed r\u00e1no krabice ozna\u010den\u00e1 logem MC Mot\u00fdlek. Ta bude venku po celou pracovn\u00ed dobu, odpoledn\u011b bude uklizena dovnit\u0159 a r\u00e1no op\u011bt p\u0159ipravena venku, proto pros\u00edme o odevzd\u00e1v\u00e1n\u00ed v\u00a0pr\u016fb\u011bhu dne.\u00a0 Do vnit\u0159n\u00edch prostor nen\u00ed mo\u017en\u00e9 z\u00a0d\u016fvodu karant\u00e9ny vstoupit.<\/strong><\/p>\n\n\n\n<p style=\"background-color:#eaffb5\" class=\"has-text-color has-background has-medium-font-size has-vivid-red-color\"><strong>Sv\u00e9 obr\u00e1zky pros\u00edm \u010diteln\u011b ozna\u010dte jm\u00e9nem d\u00edt\u011bte a kontaktem na v\u00e1s \u2013 email a telefonn\u00ed \u010d\u00edslo.<\/strong><\/p>\n\n\n\n<p style=\"background-color:#eaffb5\" class=\"has-text-color has-background has-medium-font-size has-vivid-red-color\"><strong>V\u00fdherci budou vybr\u00e1ni na z\u00e1klad\u011b losov\u00e1n\u00ed ka\u017ed\u00fd t\u00fdden.\u00a0<\/strong><\/p>\n\n\n\n<p style=\"background-color:#eaffb5\" class=\"has-text-color has-background has-medium-font-size has-vivid-red-color\"><strong>Ceny budou p\u0159ed\u00e1ny ka\u017ed\u00e9mu v\u00fdherci po skon\u010den\u00ed nouzov\u00e9ho opat\u0159en\u00ed v\u00a0MC Mot\u00fdlek.\u00a0<\/strong><\/p>\n\n\n\n<p style=\"background-color:#eaffb5\" class=\"has-text-color has-background has-medium-font-size has-vivid-red-color\"><strong>Ceny nejsou pr\u00e1vn\u011b vymahateln\u00e9.\u00a0<\/strong><\/p>\n\n\n\n<p style=\"background-color:#eaffb5\" class=\"has-text-color has-background has-medium-font-size has-vivid-red-color\"><strong>Drobnost obdr\u017e\u00ed ka\u017ed\u00fd \u00fa\u010dastn\u00edk.<\/strong><\/p>\n\n\n\n<p><em>Osobn\u00ed \u00fadaje, kter\u00e9 n\u00e1m poskytnete, budou pou\u017eity pouze pro \u00fa\u010del kontaktu s\u00a0v\u00fdhercem. Zpracov\u00e1n\u00ed osobn\u00edch dat podl\u00e9h\u00e1 pravidl\u016fm uveden\u00fdm na na\u0161ich webov\u00fdch str\u00e1nk\u00e1ch.\u00a0<\/em><br \/><\/p>\n","protected":false},"excerpt":{"rendered":"<p>MC Mot\u00fdlek vyhla\u0161uje V\u00ddTVARNOU SOUT\u011a\u017d KARANT\u00c9NA Mil\u00e9 d\u011bti maminky a p\u0159\u00e1tel\u00e9 mot\u00fdlku, jeliko\u017e n\u00e1m sou\u010dasn\u00fd stav nouzov\u00e9ho opat\u0159en\u00ed vl\u00e1dy \u010cR neumo\u017e\u0148uje se setk\u00e1vat na hern\u00e1ch a akc\u00edch MC Mot\u00fdlek p\u0159ipravili jsme pro v\u00e1s v\u00fdtvarnou sout\u011b\u017e o ceny.\u00a0 Poj\u010fme si sednout s\u00a0d\u011btmi a malovat, voln\u00fd \u010das, kter\u00e9ho v\u00a0sou\u010dasn\u00fdch dnech m\u00e1me v\u00edc, ne\u017e d\u0159\u00edv m\u016f\u017eeme v\u011bnovat pr\u00e1v\u011b [&hellip;]<\/p>\n","protected":false},"author":31,"featured_media":0,"comment_status":"open","ping_status":"open","sticky":true,"template":"","format":"standard","meta":{"ngg_post_thumbnail":0},"categories":[1,134],"tags":[197,123,61,196],"post_mailing_queue_ids":[],"_links":{"self":[{"href":"http:\/\/www.mcmotylek.cz\/index.php?rest_route=\/wp\/v2\/posts\/7926"}],"collection":[{"href":"http:\/\/www.mcmotylek.cz\/index.php?rest_route=\/wp\/v2\/posts"}],"about":[{"href":"http:\/\/www.mcmotylek.cz\/index.php?rest_route=\/wp\/v2\/types\/post"}],"author":[{"embeddable":true,"href":"http:\/\/www.mcmotylek.cz\/index.php?rest_route=\/wp\/v2\/users\/31"}],"replies":[{"embeddable":true,"href":"http:\/\/www.mcmotylek.cz\/index.php?rest_route=%2Fwp%2Fv2%2Fcomments&post=7926"}],"version-history":[{"count":7,"href":"http:\/\/www.mcmotylek.cz\/index.php?rest_route=\/wp\/v2\/posts\/7926\/revisions"}],"predecessor-version":[{"id":7933,"href":"http:\/\/www.mcmotylek.cz\/index.php?rest_route=\/wp\/v2\/posts\/7926\/revisions\/7933"}],"wp:attachment":[{"href":"http:\/\/www.mcmotylek.cz\/index.php?rest_route=%2Fwp%2Fv2%2Fmedia&parent=7926"}],"wp:term":[{"taxonomy":"category","embeddable":true,"href":"http:\/\/www.mcmotylek.cz\/index.php?rest_route=%2Fwp%2Fv2%2Fcategories&post=7926"},{"taxonomy":"post_tag","embeddable":true,"href":"http:\/\/www.mcmotylek.cz\/index.php?rest_route=%2Fwp%2Fv2%2Ftags&post=7926"}],"curies":[{"name":"wp","href":"https:\/\/api.w.org\/{rel}","templated":true}]}}