{"id":7953,"date":"2020-04-30T11:17:17","date_gmt":"2020-04-30T10:17:17","guid":{"rendered":"http:\/\/www.mcmotylek.cz\/?p=7953"},"modified":"2020-04-30T11:17:17","modified_gmt":"2020-04-30T10:17:17","slug":"aktualni-novinky-z-motylku","status":"publish","type":"post","link":"http:\/\/www.mcmotylek.cz\/?p=7953","title":{"rendered":"Aktu\u00e1ln\u00ed novinky z mot\u00fdlku"},"content":{"rendered":"\n<p>V\u00e1\u017een\u00ed rodi\u010de a mil\u00e9 d\u011bti, <\/p>\n\n\n\n<p>situace,\nkter\u00e1 n\u00e1s v\u0161echny zasko\u010dila, bohu\u017eel st\u00e1le trv\u00e1. Pl\u00e1novan\u00fd p\u0159edpoklad, kdy se\nvr\u00e1t\u00edme k&nbsp;pravideln\u00fdm aktivit\u00e1m v&nbsp;Mot\u00fdlku je 25. kv\u011btna. Zaplacen\u00e9 kurzy\nvy\u0159e\u0161\u00edme ihned po otev\u0159en\u00ed. Nab\u00eddneme v\u00e1m n\u00e1hradu zame\u0161kan\u00fdch hodin formou\nn\u00e1hradn\u00edch lekc\u00ed a prodlou\u017een\u00ed semestru do konce \u010dervna, mo\u017en\u00e1 i do letn\u00edch pr\u00e1zdnin.\nSamoz\u0159ejm\u011b v\u0161e prob\u011bhne po domluv\u011b s v\u00e1mi. <\/p>\n\n\n\n<p>Pokud\nse situace nezlep\u0161\u00ed, pen\u00edze za kurzy v\u00e1m vr\u00e1t\u00edme &#8211; nebo dle domluvy p\u0159evedeme.\nKdyby k t\u00e9to situaci do\u0161lo, budu od v\u00e1s pot\u0159ebovat bu\u010f zp\u011bt da\u0148ov\u00fd doklad, nebo\npotvrzen\u00ed, \u017ee jste na kurz ne\u010derpali p\u0159\u00edsp\u011bvek zdravotn\u00edch poji\u0161\u0165oven.<\/p>\n\n\n\n<p>Podle na\u0159\u00edzen\u00ed vl\u00e1dy z&nbsp;p\u00e1tku minul\u00e9ho\nt\u00fddne je mo\u017en\u00e9 shroma\u017e\u010fov\u00e1n\u00ed spolk\u016f do 10 osob. Proto bychom V\u00e1m r\u00e1di nab\u00eddli\nmo\u017enost se vid\u011bt u\u017e v&nbsp;t\u00fddnu od 4. kv\u011btna na venkovn\u00edch hern\u00e1ch. M\u00e1me pro\nv\u00e1s p\u0159ipravenou desinfekci a jednor\u00e1zov\u00e9 rukavice. Podrobn\u00e9 informace budou\nn\u00e1sledovat z\u00edtra.<\/p>\n\n\n\n<p>V\u011b\u0159\u00edm,\n\u017ee jste v\u0161ichni v&nbsp;po\u0159\u00e1dku, mysl\u00edme na v\u00e1s, p\u0159ipravujeme dal\u0161\u00ed nov\u00e9 akce\npro v\u00e1s &#8230; a&nbsp;stra\u0161n\u011b moc se t\u011b\u0161\u00edme, a\u017e se v\u0161ichni sejdeme. <\/p>\n\n\n\n<p>Opatrujte\nse! V\u00e1\u0161 Mot\u00fdlek<\/p>\n","protected":false},"excerpt":{"rendered":"<p>V\u00e1\u017een\u00ed rodi\u010de a mil\u00e9 d\u011bti, situace, kter\u00e1 n\u00e1s v\u0161echny zasko\u010dila, bohu\u017eel st\u00e1le trv\u00e1. Pl\u00e1novan\u00fd p\u0159edpoklad, kdy se vr\u00e1t\u00edme k&nbsp;pravideln\u00fdm aktivit\u00e1m v&nbsp;Mot\u00fdlku je 25. kv\u011btna. Zaplacen\u00e9 kurzy vy\u0159e\u0161\u00edme ihned po otev\u0159en\u00ed. Nab\u00eddneme v\u00e1m n\u00e1hradu zame\u0161kan\u00fdch hodin formou n\u00e1hradn\u00edch lekc\u00ed a prodlou\u017een\u00ed semestru do konce \u010dervna, mo\u017en\u00e1 i do letn\u00edch pr\u00e1zdnin. Samoz\u0159ejm\u011b v\u0161e prob\u011bhne po domluv\u011b s [&hellip;]<\/p>\n","protected":false},"author":29,"featured_media":0,"comment_status":"open","ping_status":"open","sticky":true,"template":"","format":"standard","meta":{"ngg_post_thumbnail":0},"categories":[134],"tags":[],"post_mailing_queue_ids":[],"_links":{"self":[{"href":"http:\/\/www.mcmotylek.cz\/index.php?rest_route=\/wp\/v2\/posts\/7953"}],"collection":[{"href":"http:\/\/www.mcmotylek.cz\/index.php?rest_route=\/wp\/v2\/posts"}],"about":[{"href":"http:\/\/www.mcmotylek.cz\/index.php?rest_route=\/wp\/v2\/types\/post"}],"author":[{"embeddable":true,"href":"http:\/\/www.mcmotylek.cz\/index.php?rest_route=\/wp\/v2\/users\/29"}],"replies":[{"embeddable":true,"href":"http:\/\/www.mcmotylek.cz\/index.php?rest_route=%2Fwp%2Fv2%2Fcomments&post=7953"}],"version-history":[{"count":1,"href":"http:\/\/www.mcmotylek.cz\/index.php?rest_route=\/wp\/v2\/posts\/7953\/revisions"}],"predecessor-version":[{"id":7954,"href":"http:\/\/www.mcmotylek.cz\/index.php?rest_route=\/wp\/v2\/posts\/7953\/revisions\/7954"}],"wp:attachment":[{"href":"http:\/\/www.mcmotylek.cz\/index.php?rest_route=%2Fwp%2Fv2%2Fmedia&parent=7953"}],"wp:term":[{"taxonomy":"category","embeddable":true,"href":"http:\/\/www.mcmotylek.cz\/index.php?rest_route=%2Fwp%2Fv2%2Fcategories&post=7953"},{"taxonomy":"post_tag","embeddable":true,"href":"http:\/\/www.mcmotylek.cz\/index.php?rest_route=%2Fwp%2Fv2%2Ftags&post=7953"}],"curies":[{"name":"wp","href":"https:\/\/api.w.org\/{rel}","templated":true}]}}