{"id":8117,"date":"2020-09-15T07:49:33","date_gmt":"2020-09-15T06:49:33","guid":{"rendered":"http:\/\/www.mcmotylek.cz\/?p=8117"},"modified":"2020-09-15T07:49:33","modified_gmt":"2020-09-15T06:49:33","slug":"bazarek-podzim-zima-10-10-2020","status":"publish","type":"post","link":"http:\/\/www.mcmotylek.cz\/?p=8117","title":{"rendered":"Baz\u00e1rek podzim\/zima 10.10.2020"},"content":{"rendered":"\n<p class=\"has-medium-font-size\">M\u00e1te doma nepot\u0159ebn\u00e9, ale funguj\u00edc\u00ed v\u011bci-hlavn\u011b pro d\u011bti, kter\u00e9 je V\u00e1m l\u00edto vyhodit?<br \/>(OBLE\u010cEN\u00cd, HRA\u010cKY, KNIHY, SPORTOVN\u00cd POT\u0158EBY, N\u00c1\u0158AD\u00cd, \u2026)<br \/>Nebo naopak n\u011bco pot\u0159ebujete? <br \/>Spole\u010dn\u011b s m\u011bstem T\u00fdnec V\u00e1s zveme na <br \/><strong>PODZIMN\u00cd BAZ\u00c1REK\/BLE\u0160\u00c1K<\/strong> <\/p>\n\n\n\n<p style=\"font-size:27px\" class=\"has-background has-pale-pink-background-color\"><strong>V SOBOTU 10.\u0159\u00edjna <br \/>od 9.00 do 12.00<\/strong><\/p>\n\n\n\n<p class=\"has-medium-font-size\">Konat se bude v prostor\u00e1ch M\u011bstsk\u00e9ho \u00fa\u0159adu v T\u00fdnci nad S\u00e1zavou, tak\u017ee mus\u00edme m\u00edt zakryt\u00fd nos a \u00fasta.<br \/>U vstupu bude p\u0159ipraven\u00e1 desinfekce. <\/p>\n\n\n\n<p class=\"has-background has-medium-font-size has-pale-cyan-blue-background-color\">VSTUP PRO NAKUPUJ\u00cdC\u00cd ZDARMA<\/p>\n\n\n\n<p class=\"has-medium-font-size\"><strong>INFO PRO PROD\u00c1VAJ\u00cdC\u00cd:<\/strong><\/p>\n\n\n\n<p class=\"has-medium-font-size\"><strong>REGISTRUJTE SE DO 3. \u0159\u00edjna<\/strong><br \/><strong>NA MAILU:&nbsp;<a href=\"http:\/\/www.mcmotylek.cz\/wp-admin\/info@mcmotylek.cz\">info@mcmotylek.cz<\/a><\/strong><br \/><strong>nebo p\u0159es messenger na facebooku<\/strong><br \/><\/p>\n\n\n\n<p class=\"has-medium-font-size\"><strong>POPLATEK ZA PRODEJN\u00cd M\u00cdSTO JE 50 K\u010d<\/strong><\/p>\n\n\n\n<p class=\"has-medium-font-size\"><strong>M\u016e\u017dETE PROD\u00c1VAT PRAKTICKY COKOLI:<\/strong><\/p>\n\n\n\n<p class=\"has-medium-font-size\"><em>OBLE\u010cEN\u00cd \u2013 d\u011btsk\u00e9 i dosp\u011bl\u00e1ck\u00e9<\/em><\/p>\n\n\n\n<p class=\"has-medium-font-size\"><em>HRA\u010cKY A POT\u0158EBY PRO D\u011aTI A MIMINKA<\/em><\/p>\n\n\n\n<p class=\"has-medium-font-size\"><em>KNIHY<\/em><\/p>\n\n\n\n<p class=\"has-medium-font-size\"><em>SPORTOVN\u00cd POT\u0158EBY<\/em><\/p>\n\n\n\n<p class=\"has-medium-font-size\"><em>N\u00c1\u0158AD\u00cd<\/em><\/p>\n\n\n\n<p><em>\u2026<\/em><\/p>\n\n\n\n<p class=\"has-medium-font-size\"><strong>KDO BUDE CHT\u00cdT PRODAT KO\u010c\u00c1REK \u010cI JINOU VELKOU V\u011aC, NECH\u0164 NAHL\u00c1S\u00cd P\u0158I REZERVACI M\u00cdSTA<\/strong><\/p>\n\n\n\n<p class=\"has-medium-font-size\"><strong>KA\u017dD\u00dd SI PROD\u00c1V\u00c1 SV\u00c9 ZBO\u017d\u00cd S\u00c1M U STOLU<\/strong><\/p>\n\n\n\n<p class=\"has-medium-font-size\">* st\u016fl bude p\u0159ipraven od n\u00e1s<\/p>\n\n\n\n<p class=\"has-medium-font-size\"><strong>M\u016e\u017dETE SI S SEBOU VZ\u00cdT TAK\u00c9 V\u011a\u0160\u00c1K \u010cI KRABICE,&nbsp;A\u0164 JE VA\u0160E ZBO\u017d\u00cd&nbsp;DOB\u0158E VID\u011aT<\/strong><\/p>\n\n\n\n<p class=\"has-medium-font-size\"><strong>PRODEJ PROB\u00cdH\u00c1 od 9.00 do 12.00 hodin, PRO V\u00c1S JE NUTN\u00c9 SE DOSTAVIT D\u0158\u00cdV, ABYSTE M\u011aLI \u010cAS SI ZBO\u017d\u00cd VYSTAVIT<\/strong><br \/><strong><em>doporu\u010dujeme v 08.00<\/em><\/strong><\/p>\n","protected":false},"excerpt":{"rendered":"<p>M\u00e1te doma nepot\u0159ebn\u00e9, ale funguj\u00edc\u00ed v\u011bci-hlavn\u011b pro d\u011bti, kter\u00e9 je V\u00e1m l\u00edto vyhodit?(OBLE\u010cEN\u00cd, HRA\u010cKY, KNIHY, SPORTOVN\u00cd POT\u0158EBY, N\u00c1\u0158AD\u00cd, \u2026)Nebo naopak n\u011bco pot\u0159ebujete? Spole\u010dn\u011b s m\u011bstem T\u00fdnec V\u00e1s zveme na PODZIMN\u00cd BAZ\u00c1REK\/BLE\u0160\u00c1K V SOBOTU 10.\u0159\u00edjna od 9.00 do 12.00 Konat se bude v prostor\u00e1ch M\u011bstsk\u00e9ho \u00fa\u0159adu v T\u00fdnci nad S\u00e1zavou, tak\u017ee mus\u00edme m\u00edt zakryt\u00fd nos a [&hellip;]<\/p>\n","protected":false},"author":31,"featured_media":0,"comment_status":"open","ping_status":"open","sticky":true,"template":"","format":"standard","meta":{"ngg_post_thumbnail":0},"categories":[1,134],"tags":[122,171],"post_mailing_queue_ids":[],"_links":{"self":[{"href":"http:\/\/www.mcmotylek.cz\/index.php?rest_route=\/wp\/v2\/posts\/8117"}],"collection":[{"href":"http:\/\/www.mcmotylek.cz\/index.php?rest_route=\/wp\/v2\/posts"}],"about":[{"href":"http:\/\/www.mcmotylek.cz\/index.php?rest_route=\/wp\/v2\/types\/post"}],"author":[{"embeddable":true,"href":"http:\/\/www.mcmotylek.cz\/index.php?rest_route=\/wp\/v2\/users\/31"}],"replies":[{"embeddable":true,"href":"http:\/\/www.mcmotylek.cz\/index.php?rest_route=%2Fwp%2Fv2%2Fcomments&post=8117"}],"version-history":[{"count":4,"href":"http:\/\/www.mcmotylek.cz\/index.php?rest_route=\/wp\/v2\/posts\/8117\/revisions"}],"predecessor-version":[{"id":8155,"href":"http:\/\/www.mcmotylek.cz\/index.php?rest_route=\/wp\/v2\/posts\/8117\/revisions\/8155"}],"wp:attachment":[{"href":"http:\/\/www.mcmotylek.cz\/index.php?rest_route=%2Fwp%2Fv2%2Fmedia&parent=8117"}],"wp:term":[{"taxonomy":"category","embeddable":true,"href":"http:\/\/www.mcmotylek.cz\/index.php?rest_route=%2Fwp%2Fv2%2Fcategories&post=8117"},{"taxonomy":"post_tag","embeddable":true,"href":"http:\/\/www.mcmotylek.cz\/index.php?rest_route=%2Fwp%2Fv2%2Ftags&post=8117"}],"curies":[{"name":"wp","href":"https:\/\/api.w.org\/{rel}","templated":true}]}}