{"id":8181,"date":"2020-10-01T13:53:56","date_gmt":"2020-10-01T12:53:56","guid":{"rendered":"http:\/\/www.mcmotylek.cz\/?p=8181"},"modified":"2020-10-02T09:12:58","modified_gmt":"2020-10-02T08:12:58","slug":"bazarek-zmena","status":"publish","type":"post","link":"http:\/\/www.mcmotylek.cz\/?p=8181","title":{"rendered":"BAZ\u00c1REK ZM\u011aNA!!!"},"content":{"rendered":"\n<p style=\"background-color:#f7c5f2;font-size:25px\" class=\"has-background\">NOV\u00dd TERM\u00cdN BAZ\u00c1RKU:<br \/><strong>SOBOTA 3.10.<\/strong><br \/>NOV\u00c9 M\u00cdSTO: <br \/><strong>MC MOT\u00ddLEK, Okru\u017en\u00ed 520, T\u00fdnec nad S\u00e1zavou<\/strong><\/p>\n\n\n\n<p class=\"has-medium-font-size\">V pond\u011bl\u00ed 5.10. je vyhl\u00e1\u0161en nouzov\u00fd stav s omezen\u00edm po\u010dtu lid\u00ed na hromadn\u00fdch akc\u00edch. Tak\u017ee jsme se rozhodli, \u017ee p\u0159esuneme baz\u00e1rek do MOT\u00ddLKU, kde jsou prostory men\u0161\u00ed ne\u017e na M\u011bstsk\u00e9m \u00fa\u0159ad\u011b, ale aspo\u0148 se tam v sobotu 3.10. nekonaj\u00ed volby. <\/p>\n\n\n\n<figure class=\"wp-block-image\"><a href=\"http:\/\/www.mcmotylek.cz\/wp-content\/uploads\/2020\/10\/baz\u00e1rek-\u0159\u00edjen-2020-3.10.-nov\u00fd.jpg\"><img loading=\"lazy\" width=\"724\" height=\"1024\" src=\"http:\/\/www.mcmotylek.cz\/wp-content\/uploads\/2020\/10\/baz\u00e1rek-\u0159\u00edjen-2020-3.10.-nov\u00fd-724x1024.jpg\" alt=\"\" class=\"wp-image-8183\" srcset=\"http:\/\/www.mcmotylek.cz\/wp-content\/uploads\/2020\/10\/baz\u00e1rek-\u0159\u00edjen-2020-3.10.-nov\u00fd-724x1024.jpg 724w, http:\/\/www.mcmotylek.cz\/wp-content\/uploads\/2020\/10\/baz\u00e1rek-\u0159\u00edjen-2020-3.10.-nov\u00fd-212x300.jpg 212w, http:\/\/www.mcmotylek.cz\/wp-content\/uploads\/2020\/10\/baz\u00e1rek-\u0159\u00edjen-2020-3.10.-nov\u00fd-768x1087.jpg 768w, http:\/\/www.mcmotylek.cz\/wp-content\/uploads\/2020\/10\/baz\u00e1rek-\u0159\u00edjen-2020-3.10.-nov\u00fd.jpg 1653w\" sizes=\"(max-width: 724px) 100vw, 724px\" \/><\/a><\/figure>\n","protected":false},"excerpt":{"rendered":"<p>NOV\u00dd TERM\u00cdN BAZ\u00c1RKU:SOBOTA 3.10.NOV\u00c9 M\u00cdSTO: MC MOT\u00ddLEK, Okru\u017en\u00ed 520, T\u00fdnec nad S\u00e1zavou V pond\u011bl\u00ed 5.10. je vyhl\u00e1\u0161en nouzov\u00fd stav s omezen\u00edm po\u010dtu lid\u00ed na hromadn\u00fdch akc\u00edch. Tak\u017ee jsme se rozhodli, \u017ee p\u0159esuneme baz\u00e1rek do MOT\u00ddLKU, kde jsou prostory men\u0161\u00ed ne\u017e na M\u011bstsk\u00e9m \u00fa\u0159ad\u011b, ale aspo\u0148 se tam v sobotu 3.10. nekonaj\u00ed volby.<\/p>\n","protected":false},"author":31,"featured_media":0,"comment_status":"open","ping_status":"open","sticky":true,"template":"","format":"standard","meta":{"ngg_post_thumbnail":0},"categories":[3,1,134],"tags":[91,122,193],"post_mailing_queue_ids":[],"_links":{"self":[{"href":"http:\/\/www.mcmotylek.cz\/index.php?rest_route=\/wp\/v2\/posts\/8181"}],"collection":[{"href":"http:\/\/www.mcmotylek.cz\/index.php?rest_route=\/wp\/v2\/posts"}],"about":[{"href":"http:\/\/www.mcmotylek.cz\/index.php?rest_route=\/wp\/v2\/types\/post"}],"author":[{"embeddable":true,"href":"http:\/\/www.mcmotylek.cz\/index.php?rest_route=\/wp\/v2\/users\/31"}],"replies":[{"embeddable":true,"href":"http:\/\/www.mcmotylek.cz\/index.php?rest_route=%2Fwp%2Fv2%2Fcomments&post=8181"}],"version-history":[{"count":2,"href":"http:\/\/www.mcmotylek.cz\/index.php?rest_route=\/wp\/v2\/posts\/8181\/revisions"}],"predecessor-version":[{"id":8184,"href":"http:\/\/www.mcmotylek.cz\/index.php?rest_route=\/wp\/v2\/posts\/8181\/revisions\/8184"}],"wp:attachment":[{"href":"http:\/\/www.mcmotylek.cz\/index.php?rest_route=%2Fwp%2Fv2%2Fmedia&parent=8181"}],"wp:term":[{"taxonomy":"category","embeddable":true,"href":"http:\/\/www.mcmotylek.cz\/index.php?rest_route=%2Fwp%2Fv2%2Fcategories&post=8181"},{"taxonomy":"post_tag","embeddable":true,"href":"http:\/\/www.mcmotylek.cz\/index.php?rest_route=%2Fwp%2Fv2%2Ftags&post=8181"}],"curies":[{"name":"wp","href":"https:\/\/api.w.org\/{rel}","templated":true}]}}