{"id":8216,"date":"2020-12-09T14:41:58","date_gmt":"2020-12-09T13:41:58","guid":{"rendered":"http:\/\/www.mcmotylek.cz\/?p=8216"},"modified":"2020-12-09T14:41:58","modified_gmt":"2020-12-09T13:41:58","slug":"vanocni-stezka-lesem-19-12","status":"publish","type":"post","link":"http:\/\/www.mcmotylek.cz\/?p=8216","title":{"rendered":"V\u00e1no\u010dn\u00ed stezka lesem 19.12."},"content":{"rendered":"\n<p class=\"has-medium-font-size\">V\u00e1\u017een\u00ed rodi\u010de, <br \/>pokud n\u00e1m to situace dovol\u00ed, tak se<strong> <\/strong>vyd\u00e1me na tajemnou stezku lesem, kter\u00e1 bude ozna\u010dena jen sv\u011bt\u00fdlky, kde budou r\u016fzn\u00e9 \u00fakoly a na konci d\u011bti dostanou odm\u011bnu a d\u00e1me ke strome\u010dku n\u011bco lesn\u00edm zv\u00ed\u0159\u00e1tk\u016fm.<\/p>\n\n\n\n<figure class=\"wp-block-image\"><img loading=\"lazy\" width=\"640\" height=\"360\" src=\"http:\/\/www.mcmotylek.cz\/wp-content\/uploads\/2020\/12\/053035765.jpg\" alt=\"\" class=\"wp-image-8223\" srcset=\"http:\/\/www.mcmotylek.cz\/wp-content\/uploads\/2020\/12\/053035765.jpg 640w, http:\/\/www.mcmotylek.cz\/wp-content\/uploads\/2020\/12\/053035765-300x169.jpg 300w\" sizes=\"(max-width: 640px) 100vw, 640px\" \/><\/figure>\n\n\n\n<p style=\"font-size:24px\" class=\"has-text-color has-vivid-red-color\"><strong>v sobotu 19. prosince<\/strong><\/p>\n\n\n\n<p style=\"font-size:24px\" class=\"has-text-color has-vivid-red-color\"><strong>v 15.00 start<\/strong><\/p>\n\n\n\n<p style=\"font-size:22px\" class=\"has-text-color has-vivid-red-color\"><strong>ulice K Zelen\u00fdm vrat\u016fm, T\u00fdnec nad S\u00e1zavou<\/strong><\/p>\n\n\n\n<figure class=\"wp-block-image is-resized\"><a href=\"http:\/\/www.mcmotylek.cz\/wp-content\/uploads\/2020\/12\/mapy.png\"><img src=\"http:\/\/www.mcmotylek.cz\/wp-content\/uploads\/2020\/12\/mapy-300x149.png\" alt=\"\" class=\"wp-image-8217\" width=\"406\" srcset=\"http:\/\/www.mcmotylek.cz\/wp-content\/uploads\/2020\/12\/mapy-300x149.png 300w, http:\/\/www.mcmotylek.cz\/wp-content\/uploads\/2020\/12\/mapy-768x383.png 768w, http:\/\/www.mcmotylek.cz\/wp-content\/uploads\/2020\/12\/mapy-1024x510.png 1024w\" sizes=\"(max-width: 300px) 100vw, 300px\" \/><\/a><\/figure>\n\n\n\n<p class=\"has-medium-font-size\">V\u00edte, co je vhodn\u00e9 a \u010d\u00edm bychom jim naopak mohli ubl\u00ed\u017eit?<br \/><a rel=\"noreferrer noopener\" href=\"https:\/\/chebsky.denik.cz\/z-regionu\/chodite-do-lesa-krmit-zvirata-a-vite-jak-spravne-na-to-20180115.html?fbclid=IwAR1AJIQ_EFs2iKgirSjFIKXfxSHSjMcQheGUv5o2uxVPt5P3VG39yjvT3Pk\" target=\"_blank\">https:\/\/chebsky.denik.cz\/&#8230;\/chodite-do-lesa-krmit&#8230;<\/a><\/p>\n\n\n\n<p class=\"has-medium-font-size\">Dejte n\u00e1m, pros\u00edm, v\u011bd\u011bt, kolik V\u00e1s doraz\u00ed, a\u0165 jsme schopni dodr\u017eet v\u0161echna aktu\u00e1ln\u00ed protiepidemiologick\u00e1 opat\u0159en\u00ed.<\/p>\n\n\n\n<p class=\"has-medium-font-size\">S sebou nezapome\u0148te rou\u0161ky, pokud by rozestupy byly men\u0161\u00ed ne\u017e 2m a bu\u010fme k sob\u011b ohledupln\u00ed.<br \/>Na sebe samoz\u0159ejm\u011b tepl\u00e9 oble\u010den\u00ed \ud83d\ude42<\/p>\n\n\n\n<p class=\"has-text-color has-medium-font-size has-vivid-red-color\"><strong>Vstupn\u00e9 40 K\u010d <\/strong><\/p>\n","protected":false},"excerpt":{"rendered":"<p>V\u00e1\u017een\u00ed rodi\u010de, pokud n\u00e1m to situace dovol\u00ed, tak se vyd\u00e1me na tajemnou stezku lesem, kter\u00e1 bude ozna\u010dena jen sv\u011bt\u00fdlky, kde budou r\u016fzn\u00e9 \u00fakoly a na konci d\u011bti dostanou odm\u011bnu a d\u00e1me ke strome\u010dku n\u011bco lesn\u00edm zv\u00ed\u0159\u00e1tk\u016fm. v sobotu 19. prosince v 15.00 start ulice K Zelen\u00fdm vrat\u016fm, T\u00fdnec nad S\u00e1zavou V\u00edte, co je vhodn\u00e9 a [&hellip;]<\/p>\n","protected":false},"author":31,"featured_media":8223,"comment_status":"open","ping_status":"open","sticky":true,"template":"","format":"standard","meta":{"ngg_post_thumbnail":0},"categories":[1,134],"tags":[152,194,208,204,209,193,76],"post_mailing_queue_ids":[],"_links":{"self":[{"href":"http:\/\/www.mcmotylek.cz\/index.php?rest_route=\/wp\/v2\/posts\/8216"}],"collection":[{"href":"http:\/\/www.mcmotylek.cz\/index.php?rest_route=\/wp\/v2\/posts"}],"about":[{"href":"http:\/\/www.mcmotylek.cz\/index.php?rest_route=\/wp\/v2\/types\/post"}],"author":[{"embeddable":true,"href":"http:\/\/www.mcmotylek.cz\/index.php?rest_route=\/wp\/v2\/users\/31"}],"replies":[{"embeddable":true,"href":"http:\/\/www.mcmotylek.cz\/index.php?rest_route=%2Fwp%2Fv2%2Fcomments&post=8216"}],"version-history":[{"count":9,"href":"http:\/\/www.mcmotylek.cz\/index.php?rest_route=\/wp\/v2\/posts\/8216\/revisions"}],"predecessor-version":[{"id":8227,"href":"http:\/\/www.mcmotylek.cz\/index.php?rest_route=\/wp\/v2\/posts\/8216\/revisions\/8227"}],"wp:featuredmedia":[{"embeddable":true,"href":"http:\/\/www.mcmotylek.cz\/index.php?rest_route=\/wp\/v2\/media\/8223"}],"wp:attachment":[{"href":"http:\/\/www.mcmotylek.cz\/index.php?rest_route=%2Fwp%2Fv2%2Fmedia&parent=8216"}],"wp:term":[{"taxonomy":"category","embeddable":true,"href":"http:\/\/www.mcmotylek.cz\/index.php?rest_route=%2Fwp%2Fv2%2Fcategories&post=8216"},{"taxonomy":"post_tag","embeddable":true,"href":"http:\/\/www.mcmotylek.cz\/index.php?rest_route=%2Fwp%2Fv2%2Ftags&post=8216"}],"curies":[{"name":"wp","href":"https:\/\/api.w.org\/{rel}","templated":true}]}}