{"id":8369,"date":"2021-09-19T22:36:57","date_gmt":"2021-09-19T21:36:57","guid":{"rendered":"http:\/\/www.mcmotylek.cz\/?p=8369"},"modified":"2021-09-20T20:59:57","modified_gmt":"2021-09-20T19:59:57","slug":"8369","status":"publish","type":"post","link":"http:\/\/www.mcmotylek.cz\/?p=8369","title":{"rendered":"Mal\u00fd turista: V\u00fdlet do Davle"},"content":{"rendered":"\n<p>Vl\u00e1\u010dek z T\u00fdnce startuje v 10.45, j\u00e1 se s d\u011btmi p\u0159id\u00e1m v 10.51 v Krhanic\u00edch, dojedeme do Petrova a pod\u00e9l \u0159eky se projdeme do Davle &#8211; ko\u010d\u00e1rky trasu zvl\u00e1dnou ur\u010dit\u011b bez probl\u00e9m\u016f, mlad\u00ed sportovci m\u016f\u017eou podle chuti zkusit odr\u00e1\u017eedlo. Celkov\u00e1 d\u00e9lka trasy nep\u0159es\u00e1hne 5 km, tak\u017ee \u017eabi\u010dkov\u00e1 vych\u00e1zka =o)<\/p>\n\n\n\n<p><br \/>Do Petrova dojedeme v 11.15, tak\u017ee doporu\u010duju s sebou n\u011bjakou v\u011bt\u0161\u00ed sva\u010dinu, z\u00e1le\u017e\u00ed na n\u00e1s kdy si v Davli sedneme do restaurace U Bend\u016f. Podle chuti, \u010dasu a hlavn\u011b po\u010das\u00ed se m\u016f\u017eeme zdr\u017eet na d\u011btsk\u00e9m h\u0159isti, ne\u017e pojedeme zp\u00e1tky dom\u016f. <\/p>\n\n\n\n<p>Vlak zp\u00e1tky dom\u016f  odj\u00ed\u017ed\u00ed ka\u017edou hodinu &#8211; 14.40, 15.40, 16.40 nebo a\u017e 17.40.<br \/><\/p>\n\n\n\n<p>T\u011b\u0161\u00edme se na v\u00e1s!<br \/>\u0160\u00c1RKA &amp; sme\u010dka<\/p>\n\n\n\n<p>Pro v\u00edce informac\u00ed sledujte <a href=\"https:\/\/www.facebook.com\/events\/2604703059826673\/?acontext=%7B%22event_action_history%22%3A[%7B%22extra_data%22%3A%22%22%2C%22mechanism%22%3A%22unknown%22%2C%22surface%22%3A%22page%22%7D%2C%7B%22extra_data%22%3A%22%22%2C%22mechanism%22%3A%22page_upcoming_events_card%22%2C%22surface%22%3A%22page%22%7D%2C%7B%22extra_data%22%3A%22%22%2C%22mechanism%22%3A%22surface%22%2C%22surface%22%3A%22create_dialog%22%7D]%2C%22ref_notif_type%22%3Anull%7D\">FaceBook<\/a><\/p>\n\n\n\n<p><\/p>\n","protected":false},"excerpt":{"rendered":"<p>Vl\u00e1\u010dek z T\u00fdnce startuje v 10.45, j\u00e1 se s d\u011btmi p\u0159id\u00e1m v 10.51 v Krhanic\u00edch, dojedeme do Petrova a pod\u00e9l \u0159eky se projdeme do Davle &#8211; ko\u010d\u00e1rky trasu zvl\u00e1dnou ur\u010dit\u011b bez probl\u00e9m\u016f, mlad\u00ed sportovci m\u016f\u017eou podle chuti zkusit odr\u00e1\u017eedlo. Celkov\u00e1 d\u00e9lka trasy nep\u0159es\u00e1hne 5 km, tak\u017ee \u017eabi\u010dkov\u00e1 vych\u00e1zka =o) Do Petrova dojedeme v 11.15, tak\u017ee [&hellip;]<\/p>\n","protected":false},"author":31,"featured_media":0,"comment_status":"open","ping_status":"open","sticky":true,"template":"","format":"standard","meta":{"ngg_post_thumbnail":0},"categories":[1],"tags":[],"post_mailing_queue_ids":[],"_links":{"self":[{"href":"http:\/\/www.mcmotylek.cz\/index.php?rest_route=\/wp\/v2\/posts\/8369"}],"collection":[{"href":"http:\/\/www.mcmotylek.cz\/index.php?rest_route=\/wp\/v2\/posts"}],"about":[{"href":"http:\/\/www.mcmotylek.cz\/index.php?rest_route=\/wp\/v2\/types\/post"}],"author":[{"embeddable":true,"href":"http:\/\/www.mcmotylek.cz\/index.php?rest_route=\/wp\/v2\/users\/31"}],"replies":[{"embeddable":true,"href":"http:\/\/www.mcmotylek.cz\/index.php?rest_route=%2Fwp%2Fv2%2Fcomments&post=8369"}],"version-history":[{"count":2,"href":"http:\/\/www.mcmotylek.cz\/index.php?rest_route=\/wp\/v2\/posts\/8369\/revisions"}],"predecessor-version":[{"id":8371,"href":"http:\/\/www.mcmotylek.cz\/index.php?rest_route=\/wp\/v2\/posts\/8369\/revisions\/8371"}],"wp:attachment":[{"href":"http:\/\/www.mcmotylek.cz\/index.php?rest_route=%2Fwp%2Fv2%2Fmedia&parent=8369"}],"wp:term":[{"taxonomy":"category","embeddable":true,"href":"http:\/\/www.mcmotylek.cz\/index.php?rest_route=%2Fwp%2Fv2%2Fcategories&post=8369"},{"taxonomy":"post_tag","embeddable":true,"href":"http:\/\/www.mcmotylek.cz\/index.php?rest_route=%2Fwp%2Fv2%2Ftags&post=8369"}],"curies":[{"name":"wp","href":"https:\/\/api.w.org\/{rel}","templated":true}]}}