{"id":8399,"date":"2021-10-11T20:25:29","date_gmt":"2021-10-11T19:25:29","guid":{"rendered":"http:\/\/www.mcmotylek.cz\/?p=8399"},"modified":"2021-10-11T20:25:29","modified_gmt":"2021-10-11T19:25:29","slug":"maly-turista-vlci-rokle-2","status":"publish","type":"post","link":"http:\/\/www.mcmotylek.cz\/?p=8399","title":{"rendered":"Mal\u00fd turista: Vl\u010d\u00ed rokle"},"content":{"rendered":"\n<p>Ahoj turisti =o)<\/p>\n\n\n\n<p>Vzhledem k Apolen\u010din\u00fdmi b\u0159\u00ed\u0161ku se minul\u00fd t\u00fdden Vl\u010d\u00ed rokle nepovedla, zkus\u00edme \u0161t\u011bst\u00ed tedy je\u0161t\u011b jednou =o)<\/p>\n\n\n\n<p>Sejdeme se na vlakov\u00e9m n\u00e1dra\u017e\u00ed v T\u00fdnci, v 10.45 se nech\u00e1me odv\u00e9zt do Prose\u010dnice, kde vyraz\u00edme do Vl\u010d\u00ed rokle. My se op\u011bt do vlaku p\u0159id\u00e1me a\u017e v Krhanic\u00edch.<\/p>\n\n\n\n<p>Pl\u00e1n trasy:\u00a0<a rel=\"noreferrer noopener\" href=\"https:\/\/mapy.cz\/s\/hozulemugu?fbclid=IwAR3GsolFoQuK_2d7OmYJFeF0e4UC12LBha8WdHy3vSwNft04ZCHjGsqM3WY\" target=\"_blank\">https:\/\/mapy.cz\/s\/hozulemugu<\/a><\/p>\n\n\n\n<p>Zp\u00e1tky dom\u016f jedou vlaky v 14.05, 15.05, 16.05nebo 17.05 a autobusy v 14.27, 15.27 nebo 16.27.<\/p>\n\n\n\n<p>V p\u0159\u00edpad\u011b dotaz\u016f m\u011b kontaktujte na 775688356<\/p>\n\n\n\n<p>Pro v\u00edce informac\u00ed sledujte <a href=\"https:\/\/www.facebook.com\/events\/1858349667705107\/?acontext=%7B%22event_action_history%22%3A[%7B%22extra_data%22%3A%22%22%2C%22mechanism%22%3A%22unknown%22%2C%22surface%22%3A%22page%22%7D%2C%7B%22extra_data%22%3A%22%22%2C%22mechanism%22%3A%22left_rail%22%2C%22surface%22%3A%22bookmark%22%7D%2C%7B%22extra_data%22%3A%22%22%2C%22mechanism%22%3A%22surface%22%2C%22surface%22%3A%22create_dialog%22%7D]%2C%22ref_notif_type%22%3Anull%7D\">Facebook<\/a><\/p>\n\n\n\n<p>T\u011b\u0161\u00edme se,<br \/>\u0160\u00e1rka + sme\u010dka<\/p>\n","protected":false},"excerpt":{"rendered":"<p>Ahoj turisti =o) Vzhledem k Apolen\u010din\u00fdmi b\u0159\u00ed\u0161ku se minul\u00fd t\u00fdden Vl\u010d\u00ed rokle nepovedla, zkus\u00edme \u0161t\u011bst\u00ed tedy je\u0161t\u011b jednou =o) Sejdeme se na vlakov\u00e9m n\u00e1dra\u017e\u00ed v T\u00fdnci, v 10.45 se nech\u00e1me odv\u00e9zt do Prose\u010dnice, kde vyraz\u00edme do Vl\u010d\u00ed rokle. My se op\u011bt do vlaku p\u0159id\u00e1me a\u017e v Krhanic\u00edch. Pl\u00e1n trasy:\u00a0https:\/\/mapy.cz\/s\/hozulemugu Zp\u00e1tky dom\u016f jedou vlaky v 14.05, [&hellip;]<\/p>\n","protected":false},"author":31,"featured_media":0,"comment_status":"open","ping_status":"open","sticky":true,"template":"","format":"standard","meta":{"ngg_post_thumbnail":0},"categories":[134],"tags":[],"post_mailing_queue_ids":[],"_links":{"self":[{"href":"http:\/\/www.mcmotylek.cz\/index.php?rest_route=\/wp\/v2\/posts\/8399"}],"collection":[{"href":"http:\/\/www.mcmotylek.cz\/index.php?rest_route=\/wp\/v2\/posts"}],"about":[{"href":"http:\/\/www.mcmotylek.cz\/index.php?rest_route=\/wp\/v2\/types\/post"}],"author":[{"embeddable":true,"href":"http:\/\/www.mcmotylek.cz\/index.php?rest_route=\/wp\/v2\/users\/31"}],"replies":[{"embeddable":true,"href":"http:\/\/www.mcmotylek.cz\/index.php?rest_route=%2Fwp%2Fv2%2Fcomments&post=8399"}],"version-history":[{"count":1,"href":"http:\/\/www.mcmotylek.cz\/index.php?rest_route=\/wp\/v2\/posts\/8399\/revisions"}],"predecessor-version":[{"id":8400,"href":"http:\/\/www.mcmotylek.cz\/index.php?rest_route=\/wp\/v2\/posts\/8399\/revisions\/8400"}],"wp:attachment":[{"href":"http:\/\/www.mcmotylek.cz\/index.php?rest_route=%2Fwp%2Fv2%2Fmedia&parent=8399"}],"wp:term":[{"taxonomy":"category","embeddable":true,"href":"http:\/\/www.mcmotylek.cz\/index.php?rest_route=%2Fwp%2Fv2%2Fcategories&post=8399"},{"taxonomy":"post_tag","embeddable":true,"href":"http:\/\/www.mcmotylek.cz\/index.php?rest_route=%2Fwp%2Fv2%2Ftags&post=8399"}],"curies":[{"name":"wp","href":"https:\/\/api.w.org\/{rel}","templated":true}]}}