{"id":8436,"date":"2021-10-25T13:44:31","date_gmt":"2021-10-25T12:44:31","guid":{"rendered":"http:\/\/www.mcmotylek.cz\/?p=8436"},"modified":"2021-10-25T13:44:31","modified_gmt":"2021-10-25T12:44:31","slug":"vylet-28-10-do-parazoo","status":"publish","type":"post","link":"http:\/\/www.mcmotylek.cz\/?p=8436","title":{"rendered":"V\u00fdlet 28.10. do ParaZOO"},"content":{"rendered":"\n<p class=\"has-medium-font-size\">ParaZOO ve Vla\u0161imi ve \u010dtvrtek 28.10. po\u0159\u00e1d\u00e1 odpoledne na t\u00e9ma &#8222;Hmyz&#8220;, organiz\u00e1to\u0159i pot\u0159ebuj\u00ed zn\u00e1t po\u010det \u00fa\u010dastn\u00edk\u016f p\u0159edem. V p\u0159\u00edpad\u011b va\u0161eho z\u00e1jmu &#8211; p\u0159ihla\u0161te se pros\u00edm do \u00faterka 26.10 ve 12.00 na tel. 775688356 (s po\u010dtem dosp\u011bl\u00fdch i d\u011btsk\u00fdch \u00fa\u010dastn\u00edk\u016f). Dopravu si ka\u017ed\u00fd organizuje s\u00e1m po vlastn\u00ed ose =o)<\/p>\n\n\n\n<figure class=\"wp-block-image\"><img loading=\"lazy\" width=\"1024\" height=\"511\" src=\"http:\/\/www.mcmotylek.cz\/wp-content\/uploads\/2021\/10\/hmyzak-1024x511.png\" alt=\"\" class=\"wp-image-8437\" srcset=\"http:\/\/www.mcmotylek.cz\/wp-content\/uploads\/2021\/10\/hmyzak-1024x511.png 1024w, http:\/\/www.mcmotylek.cz\/wp-content\/uploads\/2021\/10\/hmyzak-300x150.png 300w, http:\/\/www.mcmotylek.cz\/wp-content\/uploads\/2021\/10\/hmyzak-768x383.png 768w, http:\/\/www.mcmotylek.cz\/wp-content\/uploads\/2021\/10\/hmyzak.png 1219w\" sizes=\"(max-width: 1024px) 100vw, 1024px\" \/><\/figure>\n","protected":false},"excerpt":{"rendered":"<p>ParaZOO ve Vla\u0161imi ve \u010dtvrtek 28.10. po\u0159\u00e1d\u00e1 odpoledne na t\u00e9ma &#8222;Hmyz&#8220;, organiz\u00e1to\u0159i pot\u0159ebuj\u00ed zn\u00e1t po\u010det \u00fa\u010dastn\u00edk\u016f p\u0159edem. V p\u0159\u00edpad\u011b va\u0161eho z\u00e1jmu &#8211; p\u0159ihla\u0161te se pros\u00edm do \u00faterka 26.10 ve 12.00 na tel. 775688356 (s po\u010dtem dosp\u011bl\u00fdch i d\u011btsk\u00fdch \u00fa\u010dastn\u00edk\u016f). Dopravu si ka\u017ed\u00fd organizuje s\u00e1m po vlastn\u00ed ose =o)<\/p>\n","protected":false},"author":31,"featured_media":0,"comment_status":"open","ping_status":"open","sticky":true,"template":"","format":"standard","meta":{"ngg_post_thumbnail":0},"categories":[134],"tags":[],"post_mailing_queue_ids":[],"_links":{"self":[{"href":"http:\/\/www.mcmotylek.cz\/index.php?rest_route=\/wp\/v2\/posts\/8436"}],"collection":[{"href":"http:\/\/www.mcmotylek.cz\/index.php?rest_route=\/wp\/v2\/posts"}],"about":[{"href":"http:\/\/www.mcmotylek.cz\/index.php?rest_route=\/wp\/v2\/types\/post"}],"author":[{"embeddable":true,"href":"http:\/\/www.mcmotylek.cz\/index.php?rest_route=\/wp\/v2\/users\/31"}],"replies":[{"embeddable":true,"href":"http:\/\/www.mcmotylek.cz\/index.php?rest_route=%2Fwp%2Fv2%2Fcomments&post=8436"}],"version-history":[{"count":1,"href":"http:\/\/www.mcmotylek.cz\/index.php?rest_route=\/wp\/v2\/posts\/8436\/revisions"}],"predecessor-version":[{"id":8438,"href":"http:\/\/www.mcmotylek.cz\/index.php?rest_route=\/wp\/v2\/posts\/8436\/revisions\/8438"}],"wp:attachment":[{"href":"http:\/\/www.mcmotylek.cz\/index.php?rest_route=%2Fwp%2Fv2%2Fmedia&parent=8436"}],"wp:term":[{"taxonomy":"category","embeddable":true,"href":"http:\/\/www.mcmotylek.cz\/index.php?rest_route=%2Fwp%2Fv2%2Fcategories&post=8436"},{"taxonomy":"post_tag","embeddable":true,"href":"http:\/\/www.mcmotylek.cz\/index.php?rest_route=%2Fwp%2Fv2%2Ftags&post=8436"}],"curies":[{"name":"wp","href":"https:\/\/api.w.org\/{rel}","templated":true}]}}