{"id":8462,"date":"2021-11-22T10:01:12","date_gmt":"2021-11-22T09:01:12","guid":{"rendered":"http:\/\/www.mcmotylek.cz\/?p=8462"},"modified":"2021-11-22T10:01:12","modified_gmt":"2021-11-22T09:01:12","slug":"pozvanka","status":"publish","type":"post","link":"http:\/\/www.mcmotylek.cz\/?p=8462","title":{"rendered":"Pozv\u00e1nka"},"content":{"rendered":"\n<p class=\"has-medium-font-size\">Poj\u010fme se na advent naladit spole\u010dn\u011b =o)<\/p>\n\n\n\n<p class=\"has-medium-font-size\">V sobotu 27.11.od 14.30 se sejdeme v Mot\u00fdlku, budou pro v\u00e1s p\u0159ipraven\u00e9 korpusy v\u011bnc\u016f, napichov\u00e1ky na sv\u00ed\u010dky, v\u011btvi\u010dky, dekorace&#8230; Sv\u00ed\u010dky si vemte, pros\u00edm, vlastn\u00ed, stejn\u011b tak pokud m\u00e1te n\u011bjak\u00e9 obl\u00edben\u00e9 tradi\u010dn\u00ed ozdobi\u010dky, kter\u00e9 va\u0161e rodiny prov\u00e1zej\u00ed ka\u017ed\u00fd advent.<\/p>\n\n\n\n<figure class=\"wp-block-image\"><img loading=\"lazy\" width=\"638\" height=\"912\" src=\"http:\/\/www.mcmotylek.cz\/wp-content\/uploads\/2021\/11\/Adventn\u00ed-venec.jpg\" alt=\"\" class=\"wp-image-8463\" srcset=\"http:\/\/www.mcmotylek.cz\/wp-content\/uploads\/2021\/11\/Adventn\u00ed-venec.jpg 638w, http:\/\/www.mcmotylek.cz\/wp-content\/uploads\/2021\/11\/Adventn\u00ed-venec-210x300.jpg 210w\" sizes=\"(max-width: 638px) 100vw, 638px\" \/><\/figure>\n","protected":false},"excerpt":{"rendered":"<p>Poj\u010fme se na advent naladit spole\u010dn\u011b =o) V sobotu 27.11.od 14.30 se sejdeme v Mot\u00fdlku, budou pro v\u00e1s p\u0159ipraven\u00e9 korpusy v\u011bnc\u016f, napichov\u00e1ky na sv\u00ed\u010dky, v\u011btvi\u010dky, dekorace&#8230; Sv\u00ed\u010dky si vemte, pros\u00edm, vlastn\u00ed, stejn\u011b tak pokud m\u00e1te n\u011bjak\u00e9 obl\u00edben\u00e9 tradi\u010dn\u00ed ozdobi\u010dky, kter\u00e9 va\u0161e rodiny prov\u00e1zej\u00ed ka\u017ed\u00fd advent.<\/p>\n","protected":false},"author":31,"featured_media":0,"comment_status":"open","ping_status":"open","sticky":true,"template":"","format":"standard","meta":{"ngg_post_thumbnail":0},"categories":[134],"tags":[],"post_mailing_queue_ids":[],"_links":{"self":[{"href":"http:\/\/www.mcmotylek.cz\/index.php?rest_route=\/wp\/v2\/posts\/8462"}],"collection":[{"href":"http:\/\/www.mcmotylek.cz\/index.php?rest_route=\/wp\/v2\/posts"}],"about":[{"href":"http:\/\/www.mcmotylek.cz\/index.php?rest_route=\/wp\/v2\/types\/post"}],"author":[{"embeddable":true,"href":"http:\/\/www.mcmotylek.cz\/index.php?rest_route=\/wp\/v2\/users\/31"}],"replies":[{"embeddable":true,"href":"http:\/\/www.mcmotylek.cz\/index.php?rest_route=%2Fwp%2Fv2%2Fcomments&post=8462"}],"version-history":[{"count":1,"href":"http:\/\/www.mcmotylek.cz\/index.php?rest_route=\/wp\/v2\/posts\/8462\/revisions"}],"predecessor-version":[{"id":8464,"href":"http:\/\/www.mcmotylek.cz\/index.php?rest_route=\/wp\/v2\/posts\/8462\/revisions\/8464"}],"wp:attachment":[{"href":"http:\/\/www.mcmotylek.cz\/index.php?rest_route=%2Fwp%2Fv2%2Fmedia&parent=8462"}],"wp:term":[{"taxonomy":"category","embeddable":true,"href":"http:\/\/www.mcmotylek.cz\/index.php?rest_route=%2Fwp%2Fv2%2Fcategories&post=8462"},{"taxonomy":"post_tag","embeddable":true,"href":"http:\/\/www.mcmotylek.cz\/index.php?rest_route=%2Fwp%2Fv2%2Ftags&post=8462"}],"curies":[{"name":"wp","href":"https:\/\/api.w.org\/{rel}","templated":true}]}}