{"id":8503,"date":"2022-01-12T20:23:16","date_gmt":"2022-01-12T19:23:16","guid":{"rendered":"http:\/\/www.mcmotylek.cz\/?p=8503"},"modified":"2022-02-01T22:34:23","modified_gmt":"2022-02-01T21:34:23","slug":"maly-turista-krmeni-kachen","status":"publish","type":"post","link":"http:\/\/www.mcmotylek.cz\/?p=8503","title":{"rendered":"Mal\u00fd turista: Krmen\u00ed kachen"},"content":{"rendered":"\n<p class=\"has-medium-font-size\">Nemoci jsou za n\u00e1mi, moc se t\u011b\u0161\u00edme na dal\u0161\u00ed vych\u00e1zku kone\u010dn\u011b zase!<\/p>\n\n\n\n<p class=\"has-medium-font-size\">Sejdeme se v 15.00 na parkovi\u0161ti u P\u0159\u00edb\u011bhu &#8211; podle chuti si m\u016f\u017eeme na\u010depovat kofein nebo horkou \u010dokol\u00e1du a vyraz\u00edme p\u0159es most, kolem \u0159eky a od Jawy zp\u00e1tky p\u0159es N\u00e1kl\u00ed. <\/p>\n\n\n\n<p class=\"has-medium-font-size\">Vemte s sebou odkrojky z jabl\u00ed\u010dek nebo t\u0159eba kuku\u0159ici, kachny budou m\u00edt radost, d\u011bti je\u0161t\u011b v\u011bt\u0161\u00ed =o)<\/p>\n\n\n\n<p class=\"has-medium-font-size\">Prto v\u00edce informac\u00ed sledujte<a href=\"https:\/\/www.facebook.com\/events\/698037874518031\/?acontext=%7B%22event_action_history%22%3A[%7B%22extra_data%22%3A%22%22%2C%22mechanism%22%3A%22unknown%22%2C%22surface%22%3A%22notifications_tab%22%7D%2C%7B%22extra_data%22%3A%22%22%2C%22mechanism%22%3A%22page_admin_consolidated_entry_buttons_row%22%2C%22surface%22%3A%22page%22%7D%2C%7B%22extra_data%22%3A%22%22%2C%22mechanism%22%3A%22surface%22%2C%22surface%22%3A%22create_dialog%22%7D]%2C%22ref_notif_type%22%3A%22page_user_activity%22%7D\"> Facebook<\/a><\/p>\n\n\n\n<p class=\"has-medium-font-size\"> Na vid\u011bnou v p\u00e1tek,<br \/> \u0160\u00e1rka + sme\u010dka<\/p>\n","protected":false},"excerpt":{"rendered":"<p>Nemoci jsou za n\u00e1mi, moc se t\u011b\u0161\u00edme na dal\u0161\u00ed vych\u00e1zku kone\u010dn\u011b zase! Sejdeme se v 15.00 na parkovi\u0161ti u P\u0159\u00edb\u011bhu &#8211; podle chuti si m\u016f\u017eeme na\u010depovat kofein nebo horkou \u010dokol\u00e1du a vyraz\u00edme p\u0159es most, kolem \u0159eky a od Jawy zp\u00e1tky p\u0159es N\u00e1kl\u00ed. Vemte s sebou odkrojky z jabl\u00ed\u010dek nebo t\u0159eba kuku\u0159ici, kachny budou m\u00edt radost, [&hellip;]<\/p>\n","protected":false},"author":34,"featured_media":0,"comment_status":"open","ping_status":"open","sticky":true,"template":"","format":"standard","meta":{"ngg_post_thumbnail":0},"categories":[134],"tags":[],"post_mailing_queue_ids":[],"_links":{"self":[{"href":"http:\/\/www.mcmotylek.cz\/index.php?rest_route=\/wp\/v2\/posts\/8503"}],"collection":[{"href":"http:\/\/www.mcmotylek.cz\/index.php?rest_route=\/wp\/v2\/posts"}],"about":[{"href":"http:\/\/www.mcmotylek.cz\/index.php?rest_route=\/wp\/v2\/types\/post"}],"author":[{"embeddable":true,"href":"http:\/\/www.mcmotylek.cz\/index.php?rest_route=\/wp\/v2\/users\/34"}],"replies":[{"embeddable":true,"href":"http:\/\/www.mcmotylek.cz\/index.php?rest_route=%2Fwp%2Fv2%2Fcomments&post=8503"}],"version-history":[{"count":1,"href":"http:\/\/www.mcmotylek.cz\/index.php?rest_route=\/wp\/v2\/posts\/8503\/revisions"}],"predecessor-version":[{"id":8504,"href":"http:\/\/www.mcmotylek.cz\/index.php?rest_route=\/wp\/v2\/posts\/8503\/revisions\/8504"}],"wp:attachment":[{"href":"http:\/\/www.mcmotylek.cz\/index.php?rest_route=%2Fwp%2Fv2%2Fmedia&parent=8503"}],"wp:term":[{"taxonomy":"category","embeddable":true,"href":"http:\/\/www.mcmotylek.cz\/index.php?rest_route=%2Fwp%2Fv2%2Fcategories&post=8503"},{"taxonomy":"post_tag","embeddable":true,"href":"http:\/\/www.mcmotylek.cz\/index.php?rest_route=%2Fwp%2Fv2%2Ftags&post=8503"}],"curies":[{"name":"wp","href":"https:\/\/api.w.org\/{rel}","templated":true}]}}