{"id":8557,"date":"2022-02-10T18:09:26","date_gmt":"2022-02-10T17:09:26","guid":{"rendered":"http:\/\/www.mcmotylek.cz\/?p=8557"},"modified":"2022-02-18T09:06:16","modified_gmt":"2022-02-18T08:06:16","slug":"maly-turista-konopiste-naucna-stezka-pod-stromy","status":"publish","type":"post","link":"http:\/\/www.mcmotylek.cz\/?p=8557","title":{"rendered":"Mal\u00fd turista: Konopi\u0161t\u011b, nau\u010dn\u00e1 stezka &#8222;pod stromy&#8220;"},"content":{"rendered":"\n<p>Ahoj turisti,<\/p>\n\n\n\n<p>sejdeme se v p\u00e1tek 18.2. v 11 hodin na parkovi\u0161ti u Konopi\u0161t\u011b a vyu\u017eijeme p\u0159ipravenou trasu, kter\u00e1 kon\u010d\u00ed na z\u00e1meck\u00e9m d\u011btsk\u00e9m h\u0159i\u0161ti Tu\u0161kov.<\/p>\n\n\n\n<p>B\u011bhem proch\u00e1zky nau\u010dnou stezkou \u201ePod stromy\u201c se na ilustrovan\u00fdch tabul\u00edch sezn\u00e1m\u00edme s jeden\u00e1cti stromy, kter\u00e9 rostou v z\u00e1meck\u00e9m parku i v na\u0161ich les\u00edch. Stezka za\u010d\u00edn\u00e1 u hr\u00e1ze z\u00e1meck\u00e9ho rybn\u00edka, pokra\u010duje k R\u016f\u017eov\u00e9 zahrad\u011b a lesn\u00ed cestou nad p\u0159\u00edrodn\u00edm divadlem stoup\u00e1 k d\u0159ev\u011bn\u00e9mu alt\u00e1nu na vrchu Tu\u0161kov. Od alt\u00e1nu stezka vede k odbo\u010dce na \u0160ibernu, kde kon\u010d\u00ed. U 10. zastaven\u00ed nau\u010dn\u00e9 stezky se mohou d\u011bti vy\u0159\u00e1dit na d\u011btsk\u00e9m h\u0159i\u0161t\u011b. Stezka je dlouh\u00e1 2,5 km (+ 1 km n\u00e1vrat k v\u00fdchoz\u00edmu bodu) a je vhodn\u00e1 pro ko\u010d\u00e1rky do ter\u00e9nu. Plus cesta od parkovi\u0161t\u011b na hr\u00e1z a zp\u00e1tky k autu.<\/p>\n\n\n\n<p>V\u011bt\u0161\u00ed sva\u010dinu s sebou =o)<\/p>\n\n\n\n<p>T\u011b\u0161\u00edme se,<br \/>\u0160\u00e1rka + sme\u010dka<\/p>\n","protected":false},"excerpt":{"rendered":"<p>Ahoj turisti, sejdeme se v p\u00e1tek 18.2. v 11 hodin na parkovi\u0161ti u Konopi\u0161t\u011b a vyu\u017eijeme p\u0159ipravenou trasu, kter\u00e1 kon\u010d\u00ed na z\u00e1meck\u00e9m d\u011btsk\u00e9m h\u0159i\u0161ti Tu\u0161kov. B\u011bhem proch\u00e1zky nau\u010dnou stezkou \u201ePod stromy\u201c se na ilustrovan\u00fdch tabul\u00edch sezn\u00e1m\u00edme s jeden\u00e1cti stromy, kter\u00e9 rostou v z\u00e1meck\u00e9m parku i v na\u0161ich les\u00edch. Stezka za\u010d\u00edn\u00e1 u hr\u00e1ze z\u00e1meck\u00e9ho rybn\u00edka, pokra\u010duje [&hellip;]<\/p>\n","protected":false},"author":34,"featured_media":0,"comment_status":"open","ping_status":"open","sticky":true,"template":"","format":"standard","meta":{"ngg_post_thumbnail":0},"categories":[1,134],"tags":[],"post_mailing_queue_ids":[],"_links":{"self":[{"href":"http:\/\/www.mcmotylek.cz\/index.php?rest_route=\/wp\/v2\/posts\/8557"}],"collection":[{"href":"http:\/\/www.mcmotylek.cz\/index.php?rest_route=\/wp\/v2\/posts"}],"about":[{"href":"http:\/\/www.mcmotylek.cz\/index.php?rest_route=\/wp\/v2\/types\/post"}],"author":[{"embeddable":true,"href":"http:\/\/www.mcmotylek.cz\/index.php?rest_route=\/wp\/v2\/users\/34"}],"replies":[{"embeddable":true,"href":"http:\/\/www.mcmotylek.cz\/index.php?rest_route=%2Fwp%2Fv2%2Fcomments&post=8557"}],"version-history":[{"count":2,"href":"http:\/\/www.mcmotylek.cz\/index.php?rest_route=\/wp\/v2\/posts\/8557\/revisions"}],"predecessor-version":[{"id":8567,"href":"http:\/\/www.mcmotylek.cz\/index.php?rest_route=\/wp\/v2\/posts\/8557\/revisions\/8567"}],"wp:attachment":[{"href":"http:\/\/www.mcmotylek.cz\/index.php?rest_route=%2Fwp%2Fv2%2Fmedia&parent=8557"}],"wp:term":[{"taxonomy":"category","embeddable":true,"href":"http:\/\/www.mcmotylek.cz\/index.php?rest_route=%2Fwp%2Fv2%2Fcategories&post=8557"},{"taxonomy":"post_tag","embeddable":true,"href":"http:\/\/www.mcmotylek.cz\/index.php?rest_route=%2Fwp%2Fv2%2Ftags&post=8557"}],"curies":[{"name":"wp","href":"https:\/\/api.w.org\/{rel}","templated":true}]}}