{"id":8716,"date":"2022-06-07T21:55:47","date_gmt":"2022-06-07T20:55:47","guid":{"rendered":"http:\/\/www.mcmotylek.cz\/?p=8716"},"modified":"2022-06-07T21:55:47","modified_gmt":"2022-06-07T20:55:47","slug":"oznameni-pohybovy-klub-2","status":"publish","type":"post","link":"http:\/\/www.mcmotylek.cz\/?p=8716","title":{"rendered":"Ozn\u00e1men\u00ed: Pohybov\u00fd klub"},"content":{"rendered":"\n<p> Ve \u010dtvrtek budeme doufat, \u017ee nebude \u00fapln\u011b pr\u0161et jako z konve a d\u00e1me si sraz v J\u00edlov\u00e9m u S\u00e1zavy cestou k viaduktu \u017dampach, viz mapa. <a rel=\"noreferrer noopener\" href=\"https:\/\/mapy.cz\/s\/fegukohace?fbclid=IwAR1rGichwZNCLA-7mOwuzbTaUIe-0hJz2IOX86U1yTL_aVb-AXcXUjJQoJo\" target=\"_blank\">https:\/\/mapy.cz\/s\/fegukohace<\/a> Odr\u00e1\u017eedla s sebou, doporu\u010duji i vod\u00edtka na odr\u00e1\u017eedla, proto\u017ee p\u016fjdem trochu do kopce, ale potom zase s kopce! <\/p>\n\n\n\n<p>Na\u0161\u00edm c\u00edlem bude Klub p\u0159\u00e1tel \u010daje, knih a v\u0161eho <a rel=\"noreferrer noopener\" href=\"https:\/\/goo.gl\/maps\/2rrUVBf6vG7edQv87?fbclid=IwAR2bHT9-jHatkmZ8BJ7CQPOOWyDyJ21eJaC1fntevaZ8KKtgNwBuDP1uQdU\" target=\"_blank\">https:\/\/goo.gl\/maps\/2rrUVBf6vG7edQv87<\/a>, kde by m\u011blo b\u00fdt otev\u0159en\u00e9 mal\u00e9 ob\u010derstven\u00ed v zahrad\u011b.<\/p>\n\n\n\n<p>Pokud n\u00e1m po\u010das\u00ed nebude v\u016fbec p\u0159\u00e1t, p\u0159ehodnot\u00edme to na m\u00edst\u011b a vyd\u00e1me se t\u0159eba na interaktivn\u00ed v\u00fdstavu o dovolen\u00fdch v 60.-80. letech v muzeu v J\u00edlov\u00e9m. <\/p>\n\n\n\n<p>Sraz rad\u0161i d\u0159\u00edve 9:00, trasa tam i zp\u011bt je op\u011bt celkem cca 3 km, asfalt, ale trochu do kopce. S n\u00e1vratem po\u010d\u00edtejte p\u0159ed polednem. T\u011b\u0161\u00edme se na v\u00e1s!Lucka s Julinkou <\/p>\n","protected":false},"excerpt":{"rendered":"<p>Ve \u010dtvrtek budeme doufat, \u017ee nebude \u00fapln\u011b pr\u0161et jako z konve a d\u00e1me si sraz v J\u00edlov\u00e9m u S\u00e1zavy cestou k viaduktu \u017dampach, viz mapa. https:\/\/mapy.cz\/s\/fegukohace Odr\u00e1\u017eedla s sebou, doporu\u010duji i vod\u00edtka na odr\u00e1\u017eedla, proto\u017ee p\u016fjdem trochu do kopce, ale potom zase s kopce! Na\u0161\u00edm c\u00edlem bude Klub p\u0159\u00e1tel \u010daje, knih a v\u0161eho https:\/\/goo.gl\/maps\/2rrUVBf6vG7edQv87, kde [&hellip;]<\/p>\n","protected":false},"author":34,"featured_media":0,"comment_status":"open","ping_status":"open","sticky":true,"template":"","format":"standard","meta":{"ngg_post_thumbnail":0},"categories":[134],"tags":[],"post_mailing_queue_ids":[],"_links":{"self":[{"href":"http:\/\/www.mcmotylek.cz\/index.php?rest_route=\/wp\/v2\/posts\/8716"}],"collection":[{"href":"http:\/\/www.mcmotylek.cz\/index.php?rest_route=\/wp\/v2\/posts"}],"about":[{"href":"http:\/\/www.mcmotylek.cz\/index.php?rest_route=\/wp\/v2\/types\/post"}],"author":[{"embeddable":true,"href":"http:\/\/www.mcmotylek.cz\/index.php?rest_route=\/wp\/v2\/users\/34"}],"replies":[{"embeddable":true,"href":"http:\/\/www.mcmotylek.cz\/index.php?rest_route=%2Fwp%2Fv2%2Fcomments&post=8716"}],"version-history":[{"count":1,"href":"http:\/\/www.mcmotylek.cz\/index.php?rest_route=\/wp\/v2\/posts\/8716\/revisions"}],"predecessor-version":[{"id":8717,"href":"http:\/\/www.mcmotylek.cz\/index.php?rest_route=\/wp\/v2\/posts\/8716\/revisions\/8717"}],"wp:attachment":[{"href":"http:\/\/www.mcmotylek.cz\/index.php?rest_route=%2Fwp%2Fv2%2Fmedia&parent=8716"}],"wp:term":[{"taxonomy":"category","embeddable":true,"href":"http:\/\/www.mcmotylek.cz\/index.php?rest_route=%2Fwp%2Fv2%2Fcategories&post=8716"},{"taxonomy":"post_tag","embeddable":true,"href":"http:\/\/www.mcmotylek.cz\/index.php?rest_route=%2Fwp%2Fv2%2Ftags&post=8716"}],"curies":[{"name":"wp","href":"https:\/\/api.w.org\/{rel}","templated":true}]}}