{"id":9064,"date":"2022-10-04T18:09:01","date_gmt":"2022-10-04T17:09:01","guid":{"rendered":"http:\/\/www.mcmotylek.cz\/?p=9064"},"modified":"2022-10-04T18:13:34","modified_gmt":"2022-10-04T17:13:34","slug":"9064","status":"publish","type":"post","link":"http:\/\/www.mcmotylek.cz\/?p=9064","title":{"rendered":"Pozn\u00e1v\u00e1me sv\u011bt 6.10. venku"},"content":{"rendered":"\n<p>\u010ctvrte\u010dn\u00ed Pozn\u00e1v\u00e1me sv\u011bt 6.10. p\u016fjdeme ven u\u017e\u00edt bab\u00edho l\u00e9ta a barev podzimu. Oble\u010den\u00ed na ven, sva\u010dinu a dobrou n\u00e1ladu s sebou. Vhodn\u00e9 i pro ko\u010d\u00e1rky a odr\u00e1\u017eedla. Sraz u Mot\u00fdlku v 9:30.<\/p>\n","protected":false},"excerpt":{"rendered":"<p>\u010ctvrte\u010dn\u00ed Pozn\u00e1v\u00e1me sv\u011bt 6.10. p\u016fjdeme ven u\u017e\u00edt bab\u00edho l\u00e9ta a barev podzimu. Oble\u010den\u00ed na ven, sva\u010dinu a dobrou n\u00e1ladu s sebou. Vhodn\u00e9 i pro ko\u010d\u00e1rky a odr\u00e1\u017eedla. Sraz u Mot\u00fdlku v 9:30.<\/p>\n","protected":false},"author":35,"featured_media":0,"comment_status":"open","ping_status":"open","sticky":true,"template":"","format":"standard","meta":{"ngg_post_thumbnail":0},"categories":[1,134,35],"tags":[],"post_mailing_queue_ids":[],"_links":{"self":[{"href":"http:\/\/www.mcmotylek.cz\/index.php?rest_route=\/wp\/v2\/posts\/9064"}],"collection":[{"href":"http:\/\/www.mcmotylek.cz\/index.php?rest_route=\/wp\/v2\/posts"}],"about":[{"href":"http:\/\/www.mcmotylek.cz\/index.php?rest_route=\/wp\/v2\/types\/post"}],"author":[{"embeddable":true,"href":"http:\/\/www.mcmotylek.cz\/index.php?rest_route=\/wp\/v2\/users\/35"}],"replies":[{"embeddable":true,"href":"http:\/\/www.mcmotylek.cz\/index.php?rest_route=%2Fwp%2Fv2%2Fcomments&post=9064"}],"version-history":[{"count":2,"href":"http:\/\/www.mcmotylek.cz\/index.php?rest_route=\/wp\/v2\/posts\/9064\/revisions"}],"predecessor-version":[{"id":9071,"href":"http:\/\/www.mcmotylek.cz\/index.php?rest_route=\/wp\/v2\/posts\/9064\/revisions\/9071"}],"wp:attachment":[{"href":"http:\/\/www.mcmotylek.cz\/index.php?rest_route=%2Fwp%2Fv2%2Fmedia&parent=9064"}],"wp:term":[{"taxonomy":"category","embeddable":true,"href":"http:\/\/www.mcmotylek.cz\/index.php?rest_route=%2Fwp%2Fv2%2Fcategories&post=9064"},{"taxonomy":"post_tag","embeddable":true,"href":"http:\/\/www.mcmotylek.cz\/index.php?rest_route=%2Fwp%2Fv2%2Ftags&post=9064"}],"curies":[{"name":"wp","href":"https:\/\/api.w.org\/{rel}","templated":true}]}}