{"id":9358,"date":"2023-02-20T16:30:13","date_gmt":"2023-02-20T15:30:13","guid":{"rendered":"http:\/\/www.mcmotylek.cz\/?p=9358"},"modified":"2023-02-20T16:30:13","modified_gmt":"2023-02-20T15:30:13","slug":"odpoledne-se-vcelami","status":"publish","type":"post","link":"http:\/\/www.mcmotylek.cz\/?p=9358","title":{"rendered":"Odpoledne se v\u010delami"},"content":{"rendered":"\n<p>V sobotu 20. kv\u011btna se na cel\u00e9m sv\u011bt\u011b slav\u00ed den v\u010del, poj\u010fte ho s n\u00e1mi oslavit ji\u017e v p\u00e1tek 19.5. na \u0158ehenick\u00e9m dvorku t\u00edm, \u017ee se o v\u010del\u00e1ch dozv\u00edme spoustu <a><\/a>nov\u00e9ho a zaj\u00edmav\u00e9ho!<\/p>\n\n\n\n<p>Nezapome\u0148te si rezervovat m\u00edsto pro sv\u00e9 d\u011bti &#8211; akce je omezena pro 25 \u00fa\u010dastn\u00edk\u016f <img loading=\"lazy\" height=\"16\" width=\"16\" alt=\"\ud83d\ude42\" src=\"https:\/\/static.xx.fbcdn.net\/images\/emoji.php\/v9\/ta5\/1.5\/16\/1f642.png\"\/><\/p>\n\n\n\n<figure class=\"wp-block-image size-large\"><img loading=\"lazy\" width=\"724\" height=\"1024\" src=\"http:\/\/www.mcmotylek.cz\/wp-content\/uploads\/2023\/02\/MC-Motylek_Odpoledne-se-vcelami_19.5.-724x1024.png\" alt=\"\" class=\"wp-image-9359\" srcset=\"http:\/\/www.mcmotylek.cz\/wp-content\/uploads\/2023\/02\/MC-Motylek_Odpoledne-se-vcelami_19.5.-724x1024.png 724w, http:\/\/www.mcmotylek.cz\/wp-content\/uploads\/2023\/02\/MC-Motylek_Odpoledne-se-vcelami_19.5.-212x300.png 212w, http:\/\/www.mcmotylek.cz\/wp-content\/uploads\/2023\/02\/MC-Motylek_Odpoledne-se-vcelami_19.5.-768x1086.png 768w, http:\/\/www.mcmotylek.cz\/wp-content\/uploads\/2023\/02\/MC-Motylek_Odpoledne-se-vcelami_19.5.-1086x1536.png 1086w, http:\/\/www.mcmotylek.cz\/wp-content\/uploads\/2023\/02\/MC-Motylek_Odpoledne-se-vcelami_19.5.-1448x2048.png 1448w\" sizes=\"(max-width: 724px) 100vw, 724px\" \/><\/figure>\n","protected":false},"excerpt":{"rendered":"<p>V sobotu 20. kv\u011btna se na cel\u00e9m sv\u011bt\u011b slav\u00ed den v\u010del, poj\u010fte ho s n\u00e1mi oslavit ji\u017e v p\u00e1tek 19.5. na \u0158ehenick\u00e9m dvorku t\u00edm, \u017ee se o v\u010del\u00e1ch dozv\u00edme spoustu nov\u00e9ho a zaj\u00edmav\u00e9ho! Nezapome\u0148te si rezervovat m\u00edsto pro sv\u00e9 d\u011bti &#8211; akce je omezena pro 25 \u00fa\u010dastn\u00edk\u016f<\/p>\n","protected":false},"author":34,"featured_media":0,"comment_status":"open","ping_status":"open","sticky":true,"template":"","format":"standard","meta":{"ngg_post_thumbnail":0},"categories":[134],"tags":[],"post_mailing_queue_ids":[],"_links":{"self":[{"href":"http:\/\/www.mcmotylek.cz\/index.php?rest_route=\/wp\/v2\/posts\/9358"}],"collection":[{"href":"http:\/\/www.mcmotylek.cz\/index.php?rest_route=\/wp\/v2\/posts"}],"about":[{"href":"http:\/\/www.mcmotylek.cz\/index.php?rest_route=\/wp\/v2\/types\/post"}],"author":[{"embeddable":true,"href":"http:\/\/www.mcmotylek.cz\/index.php?rest_route=\/wp\/v2\/users\/34"}],"replies":[{"embeddable":true,"href":"http:\/\/www.mcmotylek.cz\/index.php?rest_route=%2Fwp%2Fv2%2Fcomments&post=9358"}],"version-history":[{"count":1,"href":"http:\/\/www.mcmotylek.cz\/index.php?rest_route=\/wp\/v2\/posts\/9358\/revisions"}],"predecessor-version":[{"id":9360,"href":"http:\/\/www.mcmotylek.cz\/index.php?rest_route=\/wp\/v2\/posts\/9358\/revisions\/9360"}],"wp:attachment":[{"href":"http:\/\/www.mcmotylek.cz\/index.php?rest_route=%2Fwp%2Fv2%2Fmedia&parent=9358"}],"wp:term":[{"taxonomy":"category","embeddable":true,"href":"http:\/\/www.mcmotylek.cz\/index.php?rest_route=%2Fwp%2Fv2%2Fcategories&post=9358"},{"taxonomy":"post_tag","embeddable":true,"href":"http:\/\/www.mcmotylek.cz\/index.php?rest_route=%2Fwp%2Fv2%2Ftags&post=9358"}],"curies":[{"name":"wp","href":"https:\/\/api.w.org\/{rel}","templated":true}]}}