{"id":9417,"date":"2023-04-07T22:02:03","date_gmt":"2023-04-07T21:02:03","guid":{"rendered":"http:\/\/www.mcmotylek.cz\/?p=9417"},"modified":"2023-04-07T22:02:03","modified_gmt":"2023-04-07T21:02:03","slug":"velikonocni-stezka","status":"publish","type":"post","link":"http:\/\/www.mcmotylek.cz\/?p=9417","title":{"rendered":"Velikono\u010dn\u00ed stezka"},"content":{"rendered":"\n<p>Od B\u00edl\u00e9 soboty a\u017e do konce dubna se m\u016f\u017eete s d\u011btmi proj\u00edt z T\u00fdnce do Krhanic, z n\u00e1dra\u017e\u00ed na n\u00e1dra\u017e\u00ed a vr\u00e1tit se dom\u016f t\u0159eba vl\u00e1\u010dkem, kter\u00fd m\u016f\u017ee b\u00fdt pro d\u011bti druhou odm\u011bnu po pokladu, kter\u00fd Slepi\u010dka Pepi\u010dka schovala do skal. Trasa je zna\u010den\u00e1 barevn\u00fdmi f\u00e1borky.<\/p>\n\n\n\n<figure class=\"wp-block-image size-large\"><img loading=\"lazy\" width=\"724\" height=\"1024\" src=\"http:\/\/www.mcmotylek.cz\/wp-content\/uploads\/2023\/04\/MC-Motylek_Slepicka-Pepicka-724x1024.jpeg\" alt=\"\" class=\"wp-image-9418\" srcset=\"http:\/\/www.mcmotylek.cz\/wp-content\/uploads\/2023\/04\/MC-Motylek_Slepicka-Pepicka-724x1024.jpeg 724w, http:\/\/www.mcmotylek.cz\/wp-content\/uploads\/2023\/04\/MC-Motylek_Slepicka-Pepicka-212x300.jpeg 212w, http:\/\/www.mcmotylek.cz\/wp-content\/uploads\/2023\/04\/MC-Motylek_Slepicka-Pepicka-768x1086.jpeg 768w, http:\/\/www.mcmotylek.cz\/wp-content\/uploads\/2023\/04\/MC-Motylek_Slepicka-Pepicka-1086x1536.jpeg 1086w, http:\/\/www.mcmotylek.cz\/wp-content\/uploads\/2023\/04\/MC-Motylek_Slepicka-Pepicka.jpeg 1414w\" sizes=\"(max-width: 724px) 100vw, 724px\" \/><\/figure>\n","protected":false},"excerpt":{"rendered":"<p>Od B\u00edl\u00e9 soboty a\u017e do konce dubna se m\u016f\u017eete s d\u011btmi proj\u00edt z T\u00fdnce do Krhanic, z n\u00e1dra\u017e\u00ed na n\u00e1dra\u017e\u00ed a vr\u00e1tit se dom\u016f t\u0159eba vl\u00e1\u010dkem, kter\u00fd m\u016f\u017ee b\u00fdt pro d\u011bti druhou odm\u011bnu po pokladu, kter\u00fd Slepi\u010dka Pepi\u010dka schovala do skal. Trasa je zna\u010den\u00e1 barevn\u00fdmi f\u00e1borky.<\/p>\n","protected":false},"author":34,"featured_media":0,"comment_status":"open","ping_status":"open","sticky":true,"template":"","format":"standard","meta":{"ngg_post_thumbnail":0},"categories":[134],"tags":[],"post_mailing_queue_ids":[],"_links":{"self":[{"href":"http:\/\/www.mcmotylek.cz\/index.php?rest_route=\/wp\/v2\/posts\/9417"}],"collection":[{"href":"http:\/\/www.mcmotylek.cz\/index.php?rest_route=\/wp\/v2\/posts"}],"about":[{"href":"http:\/\/www.mcmotylek.cz\/index.php?rest_route=\/wp\/v2\/types\/post"}],"author":[{"embeddable":true,"href":"http:\/\/www.mcmotylek.cz\/index.php?rest_route=\/wp\/v2\/users\/34"}],"replies":[{"embeddable":true,"href":"http:\/\/www.mcmotylek.cz\/index.php?rest_route=%2Fwp%2Fv2%2Fcomments&post=9417"}],"version-history":[{"count":1,"href":"http:\/\/www.mcmotylek.cz\/index.php?rest_route=\/wp\/v2\/posts\/9417\/revisions"}],"predecessor-version":[{"id":9419,"href":"http:\/\/www.mcmotylek.cz\/index.php?rest_route=\/wp\/v2\/posts\/9417\/revisions\/9419"}],"wp:attachment":[{"href":"http:\/\/www.mcmotylek.cz\/index.php?rest_route=%2Fwp%2Fv2%2Fmedia&parent=9417"}],"wp:term":[{"taxonomy":"category","embeddable":true,"href":"http:\/\/www.mcmotylek.cz\/index.php?rest_route=%2Fwp%2Fv2%2Fcategories&post=9417"},{"taxonomy":"post_tag","embeddable":true,"href":"http:\/\/www.mcmotylek.cz\/index.php?rest_route=%2Fwp%2Fv2%2Ftags&post=9417"}],"curies":[{"name":"wp","href":"https:\/\/api.w.org\/{rel}","templated":true}]}}